{"id":16683,"date":"2023-11-17T10:06:43","date_gmt":"2023-11-17T10:06:43","guid":{"rendered":"https:\/\/www.coordinadoradelamujer.org.bo\/emprender\/?p=16683"},"modified":"2023-11-27T16:11:39","modified_gmt":"2023-11-27T16:11:39","slug":"mujeres-y-jovenes-emprendedores-de-ocho-municipios-de-bolivia-se-reunen-en-una-feria-en-la-paz","status":"publish","type":"post","link":"https:\/\/www.coordinadoradelamujer.org.bo\/emprender\/index.php\/2023\/11\/17\/mujeres-y-jovenes-emprendedores-de-ocho-municipios-de-bolivia-se-reunen-en-una-feria-en-la-paz\/","title":{"rendered":"Mujeres y j\u00f3venes emprendedores de ocho municipios de Bolivia se re\u00fanen en una feria, en La Paz"},"content":{"rendered":"\n<p>Alrededor de 50 mujeres y j\u00f3venes emprendedores, provenientes de tres departamentos del pa\u00eds, se reunir\u00e1n este 17 y 18 de noviembre en la sede de Gobierno, donde mostrar\u00e1n algunos de sus logros camino a su reactivaci\u00f3n econ\u00f3mica, alentada por un consorcio de cinco organizaciones de sociedad civil y el financiamiento de la Uni\u00f3n Europea. Dicha muestra tendr\u00e1 lugar en una feria que se realizar\u00e1 en el parque Jaime Escalante de la zona de Achumani (calle 9), en la ciudad de La Paz.<\/p>\n\n\n\n<p>Con esta actividad, la iniciativa <strong>Aprender y fortalecer para emprender<\/strong> cierra la primera fase de su apuesta por contribuir a la reducci\u00f3n de los impactos socioecon\u00f3micos de la pandemia en la vida de cerca de dos mil mujeres y j\u00f3venes, fortaleciendo su emprendedurismo y educaci\u00f3n integral. Esta apuesta fue desarrollada entre 2022 y 2023 por la Coordinadora de la Mujer, ONG FIE, el Centro de Capacitaci\u00f3n e Investigaci\u00f3n de la Mujer Campesina de Tarija (CCIMCAT), el Instituto de Formaci\u00f3n Femenina Integral (IFFI) y la Campa\u00f1a Boliviana por el Derecho a la Educaci\u00f3n (CBDE) en ocho municipios del pa\u00eds: Entre R\u00edos, Padcaya y Yacuiba (Tarija); La Paz y El Alto (La Paz); y Quillacollo, Colcapirhua y Cochabamba (Cochabamba).<\/p>\n\n\n\n<p>Las mujeres y j\u00f3venes que participar\u00e1n de esta feria son algunas de las y los emprendedores que forman parte de esta iniciativa y que al igual que miles de bolivianos y bolivianas tuvieron que \u201creinventarse\u201d durante la pandemia para salir adelante. Con persistencia, empe\u00f1o y el apoyo de <strong>Aprender y fortalecer para emprender<\/strong> han logrado reactivar sus emprendimientos y ahora miran la vida con m\u00e1s optimismo.<\/p>\n\n\n\n<p>Es el caso de Laura Romero, una comunicadora social que le gan\u00f3 al desempleo con su Wira Wira Bordados. \u201cYo buscaba trabajo en mi profesi\u00f3n, pero siempre me dec\u00edan que no por la pandemia. Tuve que empezar de cero un emprendimiento y ahora \u00e9ste es mi sost\u00e9n econ\u00f3mico\u201d, cuenta Laura, qui\u00e9n llegar\u00e1 desde Cochabamba para participar en la feria pace\u00f1a.<\/p>\n\n\n\n<p>Este espacio acoger\u00e1 a productoras y productores de diferentes rubros, como apicultura, reposter\u00eda, gastronom\u00eda, textiles, decoraci\u00f3n, artesan\u00eda, entre otros. \u201cLas personas que visiten la feria no solo podr\u00e1n conseguir productos de calidad, sino que podr\u00e1n evidenciar el trabajo e impulso de tantas emprendedoras bolivianas. Asistir es una forma de darle un voto de confianza a los emprendimientos nacionales que, sin duda, son una de las fuerzas m\u00e1s importantes del pa\u00eds\u201d, afirma Mar\u00eda del Carmen Ostria, coordinadora de Proyectos Sociales de ONG FIE.<\/p>\n\n\n\n<p>Durante los dos a\u00f1os de <strong>Aprender y fortalecer para emprender<\/strong>, esta iniciativa fortaleci\u00f3 a mujeres y j\u00f3venes emprendedores con talleres te\u00f3ricos y pr\u00e1cticos sobre resiliencia empresarial, plan de negocios, diversificaci\u00f3n y desarrollo de productos, fortalecimiento de habilidades blandas y marketing digital. Asimismo, abri\u00f3 espacios en mercados f\u00edsicos y virtuales, y propici\u00f3 su incursi\u00f3n en el comercio electr\u00f3nico. Como muestra de ello se cre\u00f3 Mercadito Digital, una vitrina creada especialmente para emprendimientos.<\/p>\n\n\n\n<p>Por otro lado, en el marco de su componente educativo, 900 j\u00f3venes y adolescentes de 32 centros educativos fortalecieron sus habilidades socioemocionales y sus competencias STEAM a trav\u00e9s de los programas de formaci\u00f3n presenciales y virtuales que implement\u00f3 en los ocho municipios de su cobertura. <\/p>\n\n\n\n<p>Para m\u00e1s informaci\u00f3n puede visitar la p\u00e1gina web del proyecto <a href=\"https:\/\/www.coordinadoradelamujer.org.bo\/emprender\/\">https:\/\/www.coordinadoradelamujer.org.bo\/emprender\/<\/a> y tambi\u00e9n el Mercadito Digital <a href=\"https:\/\/mercaditodigital.com.bo\/\">https:\/\/mercaditodigital.com.bo\/<\/a><\/p>\n","protected":false},"excerpt":{"rendered":"<p>Alrededor de 50 mujeres y j\u00f3venes emprendedores, provenientes de tres departamentos del pa\u00eds, se reunir\u00e1n este 17 y 18 de noviembre en la sede de Gobierno, donde mostrar\u00e1n algunos de sus logros camino a su reactivaci\u00f3n econ\u00f3mica, alentada por un consorcio de cinco organizaciones de sociedad civil y el financiamiento de la Uni\u00f3n Europea. Dicha &hellip;<\/p>\n<p class=\"read-more\"> <a class=\"\" href=\"https:\/\/www.coordinadoradelamujer.org.bo\/emprender\/index.php\/2023\/11\/17\/mujeres-y-jovenes-emprendedores-de-ocho-municipios-de-bolivia-se-reunen-en-una-feria-en-la-paz\/\"> <span class=\"screen-reader-text\">Mujeres y j\u00f3venes emprendedores de ocho municipios de Bolivia se re\u00fanen en una feria, en La Paz<\/span> Leer m\u00e1s &raquo;<\/a><\/p>\n","protected":false},"author":2,"featured_media":16684,"comment_status":"closed","ping_status":"open","sticky":false,"template":"","format":"standard","meta":{"site-sidebar-layout":"default","site-content-layout":"default","ast-global-header-display":"","ast-main-header-display":"","ast-hfb-above-header-display":"","ast-hfb-below-header-display":"","ast-hfb-mobile-header-display":"","site-post-title":"","ast-breadcrumbs-content":"","ast-featured-img":"","footer-sml-layout":"","theme-transparent-header-meta":"","adv-header-id-meta":"","stick-header-meta":"","header-above-stick-meta":"","header-main-stick-meta":"","header-below-stick-meta":"","footnotes":""},"categories":[4],"tags":[],"_links":{"self":[{"href":"https:\/\/www.coordinadoradelamujer.org.bo\/emprender\/index.php\/wp-json\/wp\/v2\/posts\/16683"}],"collection":[{"href":"https:\/\/www.coordinadoradelamujer.org.bo\/emprender\/index.php\/wp-json\/wp\/v2\/posts"}],"about":[{"href":"https:\/\/www.coordinadoradelamujer.org.bo\/emprender\/index.php\/wp-json\/wp\/v2\/types\/post"}],"author":[{"embeddable":true,"href":"https:\/\/www.coordinadoradelamujer.org.bo\/emprender\/index.php\/wp-json\/wp\/v2\/users\/2"}],"replies":[{"embeddable":true,"href":"https:\/\/www.coordinadoradelamujer.org.bo\/emprender\/index.php\/wp-json\/wp\/v2\/comments?post=16683"}],"version-history":[{"count":1,"href":"https:\/\/www.coordinadoradelamujer.org.bo\/emprender\/index.php\/wp-json\/wp\/v2\/posts\/16683\/revisions"}],"predecessor-version":[{"id":16685,"href":"https:\/\/www.coordinadoradelamujer.org.bo\/emprender\/index.php\/wp-json\/wp\/v2\/posts\/16683\/revisions\/16685"}],"wp:featuredmedia":[{"embeddable":true,"href":"https:\/\/www.coordinadoradelamujer.org.bo\/emprender\/index.php\/wp-json\/wp\/v2\/media\/16684"}],"wp:attachment":[{"href":"https:\/\/www.coordinadoradelamujer.org.bo\/emprender\/index.php\/wp-json\/wp\/v2\/media?parent=16683"}],"wp:term":[{"taxonomy":"category","embeddable":true,"href":"https:\/\/www.coordinadoradelamujer.org.bo\/emprender\/index.php\/wp-json\/wp\/v2\/categories?post=16683"},{"taxonomy":"post_tag","embeddable":true,"href":"https:\/\/www.coordinadoradelamujer.org.bo\/emprender\/index.php\/wp-json\/wp\/v2\/tags?post=16683"}],"curies":[{"name":"wp","href":"https:\/\/api.w.org\/{rel}","templated":true}]}}