{"id":16583,"date":"2023-11-03T16:35:33","date_gmt":"2023-11-03T16:35:33","guid":{"rendered":"https:\/\/www.coordinadoradelamujer.org.bo\/emprender\/?p=16583"},"modified":"2023-11-27T16:11:57","modified_gmt":"2023-11-27T16:11:57","slug":"lanzan-kit-de-comunicacion-para-ayudar-a-estudiantes-a-prevenir-las-violencias-en-el-ambito-escolar-y-la-desercion-de-estudiantes","status":"publish","type":"post","link":"https:\/\/www.coordinadoradelamujer.org.bo\/emprender\/index.php\/2023\/11\/03\/lanzan-kit-de-comunicacion-para-ayudar-a-estudiantes-a-prevenir-las-violencias-en-el-ambito-escolar-y-la-desercion-de-estudiantes\/","title":{"rendered":"Lanzan kit de comunicaci\u00f3n para ayudar a estudiantes a prevenir las violencias en el \u00e1mbito escolar y la deserci\u00f3n de estudiantes"},"content":{"rendered":"\n<p>Un total de 22 productos de comunicaci\u00f3n que tienen el objetivo de ayudar a las y los adolescentes y j\u00f3venes a desarrollar habilidades socioemocionales para la prevenci\u00f3n de violencias y la deserci\u00f3n de estudiantes de la educaci\u00f3n secundaria, fueron presentados hoy. Los mismos ser\u00e1n utilizados en talleres con las y los estudiantes y tambi\u00e9n difundidos mediante redes sociales y medios de comunicaci\u00f3n.<\/p>\n\n\n\n<p>La iniciativa es parte del proyecto \u201cMujeres, j\u00f3venes y adolescentes acelerando la Ruta 2030: Por el cumplimiento y exigibilidad del derecho a la educaci\u00f3n y los derechos econ\u00f3micos afectados post pandemia COVID-19\u201d, que es financiada por la Uni\u00f3n Europea y est\u00e1 integrada por la Coordinadora de la Mujer, la Campa\u00f1a Boliviana por el Derecho a la Educaci\u00f3n (CBDE), la ONG Centro Fomento a Iniciativas Econ\u00f3micas FIE (ONG FIE), el Centro de Capacitaci\u00f3n e Investigaci\u00f3n de la Mujer Campesinas de Tarija (CCIMCAT) y el Instituto de Formaci\u00f3n&nbsp; Femenina Integral (IFFI).<\/p>\n\n\n\n<p>Este kit de productos de comunicaci\u00f3n consta de dos animaciones sobre inteligencia emocional y escucha activa, siete artes e infograf\u00edas sobre gesti\u00f3n de emociones y sentimientos, cinco tiktoks que abordan problem\u00e1ticas que atraviesan las y los estudiantes. Adem\u00e1s, dos cu\u00f1as radiof\u00f3nicas sobre expresi\u00f3n de emociones, un podcast de tres cap\u00edtulos que aborda la ansiedad, la depresi\u00f3n y la tristeza y tres reportajes que muestran las experiencias de las y los estudiantes durante la pandemia por la Covid-19.<\/p>\n\n\n\n<div class=\"wp-block-image\"><figure class=\"aligncenter size-full\"><img loading=\"lazy\" decoding=\"async\" width=\"921\" height=\"514\" src=\"https:\/\/www.coordinadoradelamujer.org.bo\/emprender\/wp-content\/uploads\/2023\/11\/image-2.png\" alt=\"\" class=\"wp-image-16584\" srcset=\"https:\/\/www.coordinadoradelamujer.org.bo\/emprender\/wp-content\/uploads\/2023\/11\/image-2.png 921w, https:\/\/www.coordinadoradelamujer.org.bo\/emprender\/wp-content\/uploads\/2023\/11\/image-2-300x167.png 300w, https:\/\/www.coordinadoradelamujer.org.bo\/emprender\/wp-content\/uploads\/2023\/11\/image-2-768x429.png 768w\" sizes=\"(max-width: 921px) 100vw, 921px\" \/><figcaption>Imagen de un reportaje sobre  j\u00f3venes durante la pandemia.<\/figcaption><\/figure><\/div>\n\n\n\n<p>Este material servir\u00e1 para trabajar directamente con adolescentes y j\u00f3venes que est\u00e1n en peligro de deserci\u00f3n escolar a trav\u00e9s de talleres que se realizar\u00e1n en 32 unidades educativas y centros de educaci\u00f3n alternativa (CEA) de ocho municipios del pa\u00eds. En el departamento de Cochabamba se trabajar\u00e1 en Quillacollo, Colcapirhua y Cochabamba, en el departamento de Tarija son los municipios Padcaya, Entre R\u00edos y Yacuiba; y en las ciudades de La Paz y El Alto en el departamento de La Paz. Los materiales tambi\u00e9n ser\u00e1n transmitidos por radioemisoras locales y por las redes sociales de las organizaciones participantes del proyecto. Asimismo, dentro de esta iniciativa, desde el a\u00f1o pasado se vienen desarrollando ciclos de talleres sobre equidad de g\u00e9nero, prevenci\u00f3n de violencias, educaci\u00f3n integral en sexualidad e incidencia pol\u00edtica, buscando contribuir a reducir los impactos socioecon\u00f3micos de la pandemia de la Covid-19 en la vida de j\u00f3venes, adolescentes y mujeres adultas de Bolivia. (14 de septiembre de 2023).<\/p>\n\n\n\n<figure class=\"wp-block-image size-large\"><img loading=\"lazy\" decoding=\"async\" width=\"1024\" height=\"1024\" src=\"https:\/\/www.coordinadoradelamujer.org.bo\/emprender\/wp-content\/uploads\/2023\/11\/1-1024x1024.png\" alt=\"\" class=\"wp-image-16586\" srcset=\"https:\/\/www.coordinadoradelamujer.org.bo\/emprender\/wp-content\/uploads\/2023\/11\/1-1024x1024.png 1024w, https:\/\/www.coordinadoradelamujer.org.bo\/emprender\/wp-content\/uploads\/2023\/11\/1-300x300.png 300w, https:\/\/www.coordinadoradelamujer.org.bo\/emprender\/wp-content\/uploads\/2023\/11\/1-150x150.png 150w, https:\/\/www.coordinadoradelamujer.org.bo\/emprender\/wp-content\/uploads\/2023\/11\/1-768x768.png 768w, https:\/\/www.coordinadoradelamujer.org.bo\/emprender\/wp-content\/uploads\/2023\/11\/1.png 1080w\" sizes=\"(max-width: 1024px) 100vw, 1024px\" \/><figcaption>Una de las postales difundidas en redes sociales. <\/figcaption><\/figure>\n\n\n\n<figure class=\"wp-block-image size-large\"><img loading=\"lazy\" decoding=\"async\" width=\"1024\" height=\"1024\" src=\"https:\/\/www.coordinadoradelamujer.org.bo\/emprender\/wp-content\/uploads\/2023\/11\/3-1024x1024.jpg\" alt=\"\" class=\"wp-image-16587\" srcset=\"https:\/\/www.coordinadoradelamujer.org.bo\/emprender\/wp-content\/uploads\/2023\/11\/3-1024x1024.jpg 1024w, https:\/\/www.coordinadoradelamujer.org.bo\/emprender\/wp-content\/uploads\/2023\/11\/3-300x300.jpg 300w, https:\/\/www.coordinadoradelamujer.org.bo\/emprender\/wp-content\/uploads\/2023\/11\/3-150x150.jpg 150w, https:\/\/www.coordinadoradelamujer.org.bo\/emprender\/wp-content\/uploads\/2023\/11\/3-768x768.jpg 768w, https:\/\/www.coordinadoradelamujer.org.bo\/emprender\/wp-content\/uploads\/2023\/11\/3.jpg 1080w\" sizes=\"(max-width: 1024px) 100vw, 1024px\" \/><figcaption>Imagen utilizada en la campa\u00f1a sobre contenci\u00f3n emocional.<\/figcaption><\/figure>\n\n\n\n<p><\/p>\n","protected":false},"excerpt":{"rendered":"<p>Un total de 22 productos de comunicaci\u00f3n que tienen el objetivo de ayudar a las y los adolescentes y j\u00f3venes a desarrollar habilidades socioemocionales para la prevenci\u00f3n de violencias y la deserci\u00f3n de estudiantes de la educaci\u00f3n secundaria, fueron presentados hoy. Los mismos ser\u00e1n utilizados en talleres con las y los estudiantes y tambi\u00e9n difundidos &hellip;<\/p>\n<p class=\"read-more\"> <a class=\"\" href=\"https:\/\/www.coordinadoradelamujer.org.bo\/emprender\/index.php\/2023\/11\/03\/lanzan-kit-de-comunicacion-para-ayudar-a-estudiantes-a-prevenir-las-violencias-en-el-ambito-escolar-y-la-desercion-de-estudiantes\/\"> <span class=\"screen-reader-text\">Lanzan kit de comunicaci\u00f3n para ayudar a estudiantes a prevenir las violencias en el \u00e1mbito escolar y la deserci\u00f3n de estudiantes<\/span> Leer m\u00e1s &raquo;<\/a><\/p>\n","protected":false},"author":2,"featured_media":16585,"comment_status":"closed","ping_status":"open","sticky":true,"template":"","format":"standard","meta":{"site-sidebar-layout":"default","site-content-layout":"default","ast-global-header-display":"","ast-main-header-display":"","ast-hfb-above-header-display":"","ast-hfb-below-header-display":"","ast-hfb-mobile-header-display":"","site-post-title":"","ast-breadcrumbs-content":"","ast-featured-img":"","footer-sml-layout":"","theme-transparent-header-meta":"","adv-header-id-meta":"","stick-header-meta":"","header-above-stick-meta":"","header-main-stick-meta":"","header-below-stick-meta":"","footnotes":""},"categories":[4],"tags":[],"_links":{"self":[{"href":"https:\/\/www.coordinadoradelamujer.org.bo\/emprender\/index.php\/wp-json\/wp\/v2\/posts\/16583"}],"collection":[{"href":"https:\/\/www.coordinadoradelamujer.org.bo\/emprender\/index.php\/wp-json\/wp\/v2\/posts"}],"about":[{"href":"https:\/\/www.coordinadoradelamujer.org.bo\/emprender\/index.php\/wp-json\/wp\/v2\/types\/post"}],"author":[{"embeddable":true,"href":"https:\/\/www.coordinadoradelamujer.org.bo\/emprender\/index.php\/wp-json\/wp\/v2\/users\/2"}],"replies":[{"embeddable":true,"href":"https:\/\/www.coordinadoradelamujer.org.bo\/emprender\/index.php\/wp-json\/wp\/v2\/comments?post=16583"}],"version-history":[{"count":1,"href":"https:\/\/www.coordinadoradelamujer.org.bo\/emprender\/index.php\/wp-json\/wp\/v2\/posts\/16583\/revisions"}],"predecessor-version":[{"id":16588,"href":"https:\/\/www.coordinadoradelamujer.org.bo\/emprender\/index.php\/wp-json\/wp\/v2\/posts\/16583\/revisions\/16588"}],"wp:featuredmedia":[{"embeddable":true,"href":"https:\/\/www.coordinadoradelamujer.org.bo\/emprender\/index.php\/wp-json\/wp\/v2\/media\/16585"}],"wp:attachment":[{"href":"https:\/\/www.coordinadoradelamujer.org.bo\/emprender\/index.php\/wp-json\/wp\/v2\/media?parent=16583"}],"wp:term":[{"taxonomy":"category","embeddable":true,"href":"https:\/\/www.coordinadoradelamujer.org.bo\/emprender\/index.php\/wp-json\/wp\/v2\/categories?post=16583"},{"taxonomy":"post_tag","embeddable":true,"href":"https:\/\/www.coordinadoradelamujer.org.bo\/emprender\/index.php\/wp-json\/wp\/v2\/tags?post=16583"}],"curies":[{"name":"wp","href":"https:\/\/api.w.org\/{rel}","templated":true}]}}