{"id":16540,"date":"2023-06-11T15:54:08","date_gmt":"2023-06-11T15:54:08","guid":{"rendered":"http:\/\/www.coordinadoradelamujer.org.bo\/emprender\/?p=16540"},"modified":"2023-06-11T16:02:15","modified_gmt":"2023-06-11T16:02:15","slug":"se-distribuyo-material-informativo-sobre-la-ruta-de-actuacion-en-casos-de-violencia-en-unidades-educativas","status":"publish","type":"post","link":"https:\/\/www.coordinadoradelamujer.org.bo\/emprender\/index.php\/2023\/06\/11\/se-distribuyo-material-informativo-sobre-la-ruta-de-actuacion-en-casos-de-violencia-en-unidades-educativas\/","title":{"rendered":"Se distribuy\u00f3 material informativo sobre la ruta de actuaci\u00f3n en casos de violencia en unidades educativas"},"content":{"rendered":"\t\t<div data-elementor-type=\"wp-post\" data-elementor-id=\"16540\" class=\"elementor elementor-16540\">\n\t\t\t\t\t\t\t\t\t<section class=\"elementor-section elementor-top-section elementor-element elementor-element-6b5d2c3 elementor-section-boxed elementor-section-height-default elementor-section-height-default\" data-id=\"6b5d2c3\" data-element_type=\"section\">\n\t\t\t\t\t\t<div class=\"elementor-container elementor-column-gap-default\">\n\t\t\t\t\t<div class=\"elementor-column elementor-col-100 elementor-top-column elementor-element elementor-element-0e0b349\" data-id=\"0e0b349\" data-element_type=\"column\">\n\t\t\t<div class=\"elementor-widget-wrap elementor-element-populated\">\n\t\t\t\t\t\t\t\t<div class=\"elementor-element elementor-element-fc9b946 elementor-widget elementor-widget-heading\" data-id=\"fc9b946\" data-element_type=\"widget\" data-widget_type=\"heading.default\">\n\t\t\t\t<div class=\"elementor-widget-container\">\n\t\t\t<style>\/*! elementor - v3.6.7 - 03-07-2022 *\/\n.elementor-heading-title{padding:0;margin:0;line-height:1}.elementor-widget-heading .elementor-heading-title[class*=elementor-size-]>a{color:inherit;font-size:inherit;line-height:inherit}.elementor-widget-heading .elementor-heading-title.elementor-size-small{font-size:15px}.elementor-widget-heading .elementor-heading-title.elementor-size-medium{font-size:19px}.elementor-widget-heading .elementor-heading-title.elementor-size-large{font-size:29px}.elementor-widget-heading .elementor-heading-title.elementor-size-xl{font-size:39px}.elementor-widget-heading .elementor-heading-title.elementor-size-xxl{font-size:59px}<\/style><h1 class=\"elementor-heading-title elementor-size-default\">Se distribuy\u00f3 material informativo sobre la ruta de actuaci\u00f3n en casos de violencia en unidades educativas<\/h1>\t\t<\/div>\n\t\t\t\t<\/div>\n\t\t\t\t<div class=\"elementor-element elementor-element-1fa474c elementor-widget elementor-widget-post-info\" data-id=\"1fa474c\" data-element_type=\"widget\" data-widget_type=\"post-info.default\">\n\t\t\t\t<div class=\"elementor-widget-container\">\n\t\t\t<link rel=\"stylesheet\" href=\"https:\/\/www.coordinadoradelamujer.org.bo\/emprender\/wp-content\/plugins\/elementor\/assets\/css\/widget-icon-list.min.css\">\t\t<ul class=\"elementor-inline-items elementor-icon-list-items elementor-post-info\">\n\t\t\t\t\t<li class=\"elementor-icon-list-item elementor-repeater-item-6cedf9f elementor-inline-item\" itemprop=\"datePublished\">\n\t\t\t\t\t\t<a href=\"https:\/\/www.coordinadoradelamujer.org.bo\/emprender\/index.php\/2023\/06\/11\/\">\n\t\t\t\t\t\t\t\t\t\t\t<span class=\"elementor-icon-list-icon\">\n\t\t\t\t\t\t\t\t<i aria-hidden=\"true\" class=\"fas fa-calendar\"><\/i>\t\t\t\t\t\t\t<\/span>\n\t\t\t\t\t\t\t\t\t<span class=\"elementor-icon-list-text elementor-post-info__item elementor-post-info__item--type-date\">\n\t\t\t\t\t\t\t\t\t\tjunio 11, 2023\t\t\t\t\t<\/span>\n\t\t\t\t\t\t\t\t\t<\/a>\n\t\t\t\t<\/li>\n\t\t\t\t<li class=\"elementor-icon-list-item elementor-repeater-item-5667706 elementor-inline-item\">\n\t\t\t\t\t\t\t\t\t\t<span class=\"elementor-icon-list-icon\">\n\t\t\t\t\t\t\t\t<i aria-hidden=\"true\" class=\"far fa-clock\"><\/i>\t\t\t\t\t\t\t<\/span>\n\t\t\t\t\t\t\t\t\t<span class=\"elementor-icon-list-text elementor-post-info__item elementor-post-info__item--type-time\">\n\t\t\t\t\t\t\t\t\t\t3:54 pm\t\t\t\t\t<\/span>\n\t\t\t\t\t\t\t\t<\/li>\n\t\t\t\t<\/ul>\n\t\t\t\t<\/div>\n\t\t\t\t<\/div>\n\t\t\t\t\t<\/div>\n\t\t<\/div>\n\t\t\t\t\t\t\t<\/div>\n\t\t<\/section>\n\t\t\t\t<section class=\"elementor-section elementor-top-section elementor-element elementor-element-4a7cf70 elementor-section-boxed elementor-section-height-default elementor-section-height-default\" data-id=\"4a7cf70\" data-element_type=\"section\">\n\t\t\t\t\t\t<div class=\"elementor-container elementor-column-gap-default\">\n\t\t\t\t\t<div class=\"elementor-column elementor-col-16 elementor-top-column elementor-element elementor-element-99e46a4\" data-id=\"99e46a4\" data-element_type=\"column\">\n\t\t\t<div class=\"elementor-widget-wrap\">\n\t\t\t\t\t\t\t\t\t<\/div>\n\t\t<\/div>\n\t\t\t\t<div class=\"elementor-column elementor-col-66 elementor-top-column elementor-element elementor-element-e68556b\" data-id=\"e68556b\" data-element_type=\"column\">\n\t\t\t<div class=\"elementor-widget-wrap elementor-element-populated\">\n\t\t\t\t\t\t\t\t<div class=\"elementor-element elementor-element-599e469 elementor-widget elementor-widget-image\" data-id=\"599e469\" data-element_type=\"widget\" data-widget_type=\"image.default\">\n\t\t\t\t<div class=\"elementor-widget-container\">\n\t\t\t<style>\/*! elementor - v3.6.7 - 03-07-2022 *\/\n.elementor-widget-image{text-align:center}.elementor-widget-image a{display:inline-block}.elementor-widget-image a img[src$=\".svg\"]{width:48px}.elementor-widget-image img{vertical-align:middle;display:inline-block}<\/style>\t\t\t\t\t\t\t\t\t\t\t\t<img loading=\"lazy\" decoding=\"async\" width=\"878\" height=\"720\" src=\"https:\/\/www.coordinadoradelamujer.org.bo\/emprender\/wp-content\/uploads\/2023\/06\/334639488_1591554457975304_2968472325367270567_n.jpg\" class=\"attachment-large size-large\" alt=\"\" srcset=\"https:\/\/www.coordinadoradelamujer.org.bo\/emprender\/wp-content\/uploads\/2023\/06\/334639488_1591554457975304_2968472325367270567_n.jpg 878w, https:\/\/www.coordinadoradelamujer.org.bo\/emprender\/wp-content\/uploads\/2023\/06\/334639488_1591554457975304_2968472325367270567_n-300x246.jpg 300w, https:\/\/www.coordinadoradelamujer.org.bo\/emprender\/wp-content\/uploads\/2023\/06\/334639488_1591554457975304_2968472325367270567_n-768x630.jpg 768w\" sizes=\"(max-width: 878px) 100vw, 878px\" \/>\t\t\t\t\t\t\t\t\t\t\t\t\t\t\t<\/div>\n\t\t\t\t<\/div>\n\t\t\t\t<div class=\"elementor-element elementor-element-731224f elementor-widget elementor-widget-text-editor\" data-id=\"731224f\" data-element_type=\"widget\" data-widget_type=\"text-editor.default\">\n\t\t\t\t<div class=\"elementor-widget-container\">\n\t\t\t<style>\/*! elementor - v3.6.7 - 03-07-2022 *\/\n.elementor-widget-text-editor.elementor-drop-cap-view-stacked .elementor-drop-cap{background-color:#818a91;color:#fff}.elementor-widget-text-editor.elementor-drop-cap-view-framed .elementor-drop-cap{color:#818a91;border:3px solid;background-color:transparent}.elementor-widget-text-editor:not(.elementor-drop-cap-view-default) .elementor-drop-cap{margin-top:8px}.elementor-widget-text-editor:not(.elementor-drop-cap-view-default) .elementor-drop-cap-letter{width:1em;height:1em}.elementor-widget-text-editor .elementor-drop-cap{float:left;text-align:center;line-height:1;font-size:50px}.elementor-widget-text-editor .elementor-drop-cap-letter{display:inline-block}<\/style>\t\t\t\t<p class=\"MsoNormal\" style=\"text-align: justify; margin: 0cm -14.25pt 8.0pt -14.2pt;\"><span lang=\"ES-BO\" style=\"font-size: 12.0pt; mso-bidi-font-size: 11.0pt; line-height: 107%; font-family: Roboto; mso-bidi-font-family: Calibri; mso-bidi-theme-font: minor-latin;\">En un esfuerzo por brindar tanto a estudiantes como maestras y maestros una herramienta que les permita conocer y guiar los pasos a seguir en situaciones de violencia dentro de las unidades educativa, desde marzo comenz\u00f3 la distribuci\u00f3n de material informativo y educativo a las unidades educativas que participan de los talleres del proyecto \u201cMujeres, j\u00f3venes y adolescentes acelerando la Ruta 2030\u201d, implementado por\u00a0 la Coordinadora de la Mujer, la Campa\u00f1a Boliviana por el Derecho a la Educaci\u00f3n (CBDE), el Centro de Capacitaci\u00f3n e Investigaci\u00f3n de la Mujer Campesinas de Tarija (CCIMCAT), la ONG Centro Fomento a Iniciativas Econ\u00f3micas FIE (ONG FIE) y el Instituto de Formaci\u00f3n\u00a0 Femenina Integral (IFFI), con el financiamiento de la Uni\u00f3n Europea. Los materiales fueron realizados en un esfuerzo conjunto de las organizaciones del proyecto con el Ministerio de Educaci\u00f3n. <\/span><\/p><p class=\"MsoNormal\" style=\"text-align: justify; margin: 0cm -14.25pt 8.0pt -14.2pt;\"><span lang=\"ES-BO\" style=\"font-size: 12.0pt; mso-bidi-font-size: 11.0pt; line-height: 107%; font-family: Roboto; mso-bidi-font-family: Calibri; mso-bidi-theme-font: minor-latin;\">La presentaci\u00f3n oficial se realiz\u00f3 en la Unidad Educativa \u201cSim\u00f3n Bol\u00edvar\u201d de la ciudad de La Paz. Sin embargo, hubo actos de la misma naturaleza en Cochabamba y Tarija, donde interviene el proyecto. En total ser\u00e1n 32 establecimientos educativos que recibir\u00e1n dicho material. <\/span><\/p><p class=\"MsoNormal\" style=\"text-align: justify; margin: 0cm -14.25pt 8.0pt -14.2pt;\"><span lang=\"ES-BO\" style=\"font-size: 12.0pt; mso-bidi-font-size: 11.0pt; line-height: 107%; font-family: Roboto; mso-bidi-font-family: Calibri; mso-bidi-theme-font: minor-latin;\">En La Paz, el acto cont\u00f3 con la participaci\u00f3n de representantes del Ministerio de Educaci\u00f3n, de la Uni\u00f3n Europea y de las dos organizaciones que implementan talleres con estudiantes de secundaria de estas unidades educativas, la Coordinadora de la Mujer y la Campa\u00f1a Boliviana por el Derecho a la Educaci\u00f3n.<\/span><\/p><p class=\"MsoNormal\" style=\"text-align: justify; margin: 0cm -14.25pt 8.0pt -14.2pt;\"><span lang=\"ES-BO\" style=\"font-size: 12.0pt; mso-bidi-font-size: 11.0pt; line-height: 107%; font-family: Roboto; mso-bidi-font-family: Calibri; mso-bidi-theme-font: minor-latin;\">El material consta de un banner para desplegar en espacios comunes dentro de cada unidad educativa y un tr\u00edptico para distribuir entre las y los estudiantes. Los mismos fueron elaborados en base al <i>Protocolo de prevenci\u00f3n, actuaci\u00f3n y denuncia en casos de violencia f\u00edsica, psicol\u00f3gica y sexual en unidades educativas y centros de educaci\u00f3n especial del Ministerio de Educaci\u00f3n <\/i>(Resoluci\u00f3n Ministerial N\u00b0 0864\/2019) y buscan orientar a la comunidad educativa sobre la ruta de actuaci\u00f3n en casos violencias en las unidades educativas y centros de educaci\u00f3n especial. Muestran, de manera simplificada, la ruta de actuaci\u00f3n para casos de violencia f\u00edsica y\/o psicol\u00f3gica y tambi\u00e9n la ruta de actuaci\u00f3n ante hechos de violencia sexual; adem\u00e1s de definiciones que ayuden a identificar hechos de violencia.<\/span><\/p><p>\u00a0<\/p><p class=\"MsoNormal\" style=\"text-align: justify; margin: 0cm -14.25pt 8.0pt -14.2pt;\"><span lang=\"ES-BO\" style=\"font-size: 12.0pt; mso-bidi-font-size: 11.0pt; line-height: 107%; font-family: Roboto; mso-bidi-font-family: Calibri; mso-bidi-theme-font: minor-latin;\">Este material complementa los ciclos de talleres sobre prevenci\u00f3n de violencias, equidad de g\u00e9nero, Educaci\u00f3n Integral en Sexualidad (EIS), incidencia pol\u00edtica, habilidades socioemocionales y capacidades STEAM que desde la gesti\u00f3n pasada se vienen realizando en 32 unidades educativas y centros de educaci\u00f3n especial de los municipios de Quillacollo, Colcapirhua y Cochabamba, en el departamento de Cochabamba; Padcaya, Entre R\u00edos y Yacuiba, en Tarija; y La Paz y El Alto, en el departamento de La Paz; con lo que se llegar\u00e1 a un total de 960 estudiantes.<\/span><\/p>\t\t\t\t\t\t<\/div>\n\t\t\t\t<\/div>\n\t\t\t\t\t<\/div>\n\t\t<\/div>\n\t\t\t\t<div class=\"elementor-column elementor-col-16 elementor-top-column elementor-element elementor-element-846cccf\" data-id=\"846cccf\" data-element_type=\"column\">\n\t\t\t<div class=\"elementor-widget-wrap\">\n\t\t\t\t\t\t\t\t\t<\/div>\n\t\t<\/div>\n\t\t\t\t\t\t\t<\/div>\n\t\t<\/section>\n\t\t\t\t<section class=\"elementor-section elementor-top-section elementor-element elementor-element-fd6fa30 elementor-section-boxed elementor-section-height-default elementor-section-height-default\" data-id=\"fd6fa30\" data-element_type=\"section\">\n\t\t\t\t\t\t<div class=\"elementor-container elementor-column-gap-default\">\n\t\t\t\t\t<div class=\"elementor-column elementor-col-16 elementor-top-column elementor-element elementor-element-7c74f63\" data-id=\"7c74f63\" data-element_type=\"column\">\n\t\t\t<div class=\"elementor-widget-wrap\">\n\t\t\t\t\t\t\t\t\t<\/div>\n\t\t<\/div>\n\t\t\t\t<div class=\"elementor-column elementor-col-66 elementor-top-column elementor-element elementor-element-9bf93e3\" data-id=\"9bf93e3\" data-element_type=\"column\">\n\t\t\t<div class=\"elementor-widget-wrap elementor-element-populated\">\n\t\t\t\t\t\t\t\t<div class=\"elementor-element elementor-element-bebd96b elementor-widget elementor-widget-text-editor\" data-id=\"bebd96b\" data-element_type=\"widget\" data-widget_type=\"text-editor.default\">\n\t\t\t\t<div class=\"elementor-widget-container\">\n\t\t\t\t\t\t\t\t\t\t\t\t\t<\/div>\n\t\t\t\t<\/div>\n\t\t\t\t\t<\/div>\n\t\t<\/div>\n\t\t\t\t<div class=\"elementor-column elementor-col-16 elementor-top-column elementor-element elementor-element-61ad90c\" data-id=\"61ad90c\" data-element_type=\"column\">\n\t\t\t<div class=\"elementor-widget-wrap\">\n\t\t\t\t\t\t\t\t\t<\/div>\n\t\t<\/div>\n\t\t\t\t\t\t\t<\/div>\n\t\t<\/section>\n\t\t\t\t\t\t\t<\/div>\n\t\t","protected":false},"excerpt":{"rendered":"<p>En un esfuerzo por brindar tanto a estudiantes como maestras y maestros una herramienta que les permita conocer y guiar los pasos a seguir en situaciones de violencia dentro de las unidades educativa, desde marzo comenz\u00f3 la distribuci\u00f3n de material informativo y educativo a las unidades educativas que participan de los talleres del proyecto \u201cMujeres, &hellip;<\/p>\n<p class=\"read-more\"> <a class=\"\" href=\"https:\/\/www.coordinadoradelamujer.org.bo\/emprender\/index.php\/2023\/06\/11\/se-distribuyo-material-informativo-sobre-la-ruta-de-actuacion-en-casos-de-violencia-en-unidades-educativas\/\"> <span class=\"screen-reader-text\">Se distribuy\u00f3 material informativo sobre la ruta de actuaci\u00f3n en casos de violencia en unidades educativas<\/span> Leer m\u00e1s &raquo;<\/a><\/p>\n","protected":false},"author":2,"featured_media":16550,"comment_status":"closed","ping_status":"open","sticky":false,"template":"elementor_header_footer","format":"standard","meta":{"site-sidebar-layout":"default","site-content-layout":"page-builder","ast-global-header-display":"","ast-main-header-display":"","ast-hfb-above-header-display":"","ast-hfb-below-header-display":"","ast-hfb-mobile-header-display":"","site-post-title":"","ast-breadcrumbs-content":"","ast-featured-img":"","footer-sml-layout":"","theme-transparent-header-meta":"","adv-header-id-meta":"","stick-header-meta":"","header-above-stick-meta":"","header-main-stick-meta":"","header-below-stick-meta":"","footnotes":""},"categories":[4],"tags":[],"_links":{"self":[{"href":"https:\/\/www.coordinadoradelamujer.org.bo\/emprender\/index.php\/wp-json\/wp\/v2\/posts\/16540"}],"collection":[{"href":"https:\/\/www.coordinadoradelamujer.org.bo\/emprender\/index.php\/wp-json\/wp\/v2\/posts"}],"about":[{"href":"https:\/\/www.coordinadoradelamujer.org.bo\/emprender\/index.php\/wp-json\/wp\/v2\/types\/post"}],"author":[{"embeddable":true,"href":"https:\/\/www.coordinadoradelamujer.org.bo\/emprender\/index.php\/wp-json\/wp\/v2\/users\/2"}],"replies":[{"embeddable":true,"href":"https:\/\/www.coordinadoradelamujer.org.bo\/emprender\/index.php\/wp-json\/wp\/v2\/comments?post=16540"}],"version-history":[{"count":8,"href":"https:\/\/www.coordinadoradelamujer.org.bo\/emprender\/index.php\/wp-json\/wp\/v2\/posts\/16540\/revisions"}],"predecessor-version":[{"id":16551,"href":"https:\/\/www.coordinadoradelamujer.org.bo\/emprender\/index.php\/wp-json\/wp\/v2\/posts\/16540\/revisions\/16551"}],"wp:featuredmedia":[{"embeddable":true,"href":"https:\/\/www.coordinadoradelamujer.org.bo\/emprender\/index.php\/wp-json\/wp\/v2\/media\/16550"}],"wp:attachment":[{"href":"https:\/\/www.coordinadoradelamujer.org.bo\/emprender\/index.php\/wp-json\/wp\/v2\/media?parent=16540"}],"wp:term":[{"taxonomy":"category","embeddable":true,"href":"https:\/\/www.coordinadoradelamujer.org.bo\/emprender\/index.php\/wp-json\/wp\/v2\/categories?post=16540"},{"taxonomy":"post_tag","embeddable":true,"href":"https:\/\/www.coordinadoradelamujer.org.bo\/emprender\/index.php\/wp-json\/wp\/v2\/tags?post=16540"}],"curies":[{"name":"wp","href":"https:\/\/api.w.org\/{rel}","templated":true}]}}