{"id":16449,"date":"2023-06-07T14:01:50","date_gmt":"2023-06-07T14:01:50","guid":{"rendered":"http:\/\/www.coordinadoradelamujer.org.bo\/emprender\/?p=16449"},"modified":"2023-06-07T15:45:26","modified_gmt":"2023-06-07T15:45:26","slug":"fotografia-de-productos-guia-practica-para-emprendedoras-y-emprendedores","status":"publish","type":"post","link":"https:\/\/www.coordinadoradelamujer.org.bo\/emprender\/index.php\/2023\/06\/07\/fotografia-de-productos-guia-practica-para-emprendedoras-y-emprendedores\/","title":{"rendered":"Fotograf\u00eda de productos. Gu\u00eda pr\u00e1ctica para emprendedoras y emprendedores"},"content":{"rendered":"\t\t<div data-elementor-type=\"wp-post\" data-elementor-id=\"16449\" class=\"elementor elementor-16449\">\n\t\t\t\t\t\t\t\t\t<section class=\"elementor-section elementor-top-section elementor-element elementor-element-gvatfcq elementor-section-full_width elementor-section-content-middle elementor-section-height-default elementor-section-height-default\" data-id=\"gvatfcq\" data-element_type=\"section\" data-settings=\"{&quot;background_background&quot;:&quot;classic&quot;}\">\n\t\t\t\t\t\t<div class=\"elementor-container elementor-column-gap-no\">\n\t\t\t\t\t<div class=\"elementor-column elementor-col-50 elementor-top-column elementor-element elementor-element-4292f5a\" data-id=\"4292f5a\" data-element_type=\"column\">\n\t\t\t<div class=\"elementor-widget-wrap elementor-element-populated\">\n\t\t\t\t\t\t\t\t<div class=\"elementor-element elementor-element-6d93f44 elementor-widget elementor-widget-image\" data-id=\"6d93f44\" data-element_type=\"widget\" data-widget_type=\"image.default\">\n\t\t\t\t<div class=\"elementor-widget-container\">\n\t\t\t<style>\/*! elementor - v3.6.7 - 03-07-2022 *\/\n.elementor-widget-image{text-align:center}.elementor-widget-image a{display:inline-block}.elementor-widget-image a img[src$=\".svg\"]{width:48px}.elementor-widget-image img{vertical-align:middle;display:inline-block}<\/style>\t\t\t\t\t\t\t\t\t\t\t\t<img loading=\"lazy\" decoding=\"async\" width=\"606\" height=\"606\" src=\"https:\/\/www.coordinadoradelamujer.org.bo\/emprender\/wp-content\/uploads\/2023\/06\/Cartilla-de-fotografia_nuv.jpg\" class=\"attachment-full size-full\" alt=\"\" srcset=\"https:\/\/www.coordinadoradelamujer.org.bo\/emprender\/wp-content\/uploads\/2023\/06\/Cartilla-de-fotografia_nuv.jpg 606w, https:\/\/www.coordinadoradelamujer.org.bo\/emprender\/wp-content\/uploads\/2023\/06\/Cartilla-de-fotografia_nuv-300x300.jpg 300w, https:\/\/www.coordinadoradelamujer.org.bo\/emprender\/wp-content\/uploads\/2023\/06\/Cartilla-de-fotografia_nuv-150x150.jpg 150w\" sizes=\"(max-width: 606px) 100vw, 606px\" \/>\t\t\t\t\t\t\t\t\t\t\t\t\t\t\t<\/div>\n\t\t\t\t<\/div>\n\t\t\t\t\t<\/div>\n\t\t<\/div>\n\t\t\t\t<div class=\"elementor-column elementor-col-50 elementor-top-column elementor-element elementor-element-a8c8ff0\" data-id=\"a8c8ff0\" data-element_type=\"column\">\n\t\t\t<div class=\"elementor-widget-wrap elementor-element-populated\">\n\t\t\t\t\t\t\t\t<section class=\"elementor-section elementor-inner-section elementor-element elementor-element-a893ccd elementor-section-boxed elementor-section-height-default elementor-section-height-default\" data-id=\"a893ccd\" data-element_type=\"section\">\n\t\t\t\t\t\t<div class=\"elementor-container elementor-column-gap-no\">\n\t\t\t\t\t<div class=\"elementor-column elementor-col-100 elementor-inner-column elementor-element elementor-element-6534f2c\" data-id=\"6534f2c\" data-element_type=\"column\">\n\t\t\t<div class=\"elementor-widget-wrap elementor-element-populated\">\n\t\t\t\t\t\t\t\t<div class=\"elementor-element elementor-element-fc9b946 elementor-widget elementor-widget-heading\" data-id=\"fc9b946\" data-element_type=\"widget\" data-widget_type=\"heading.default\">\n\t\t\t\t<div class=\"elementor-widget-container\">\n\t\t\t<style>\/*! elementor - v3.6.7 - 03-07-2022 *\/\n.elementor-heading-title{padding:0;margin:0;line-height:1}.elementor-widget-heading .elementor-heading-title[class*=elementor-size-]>a{color:inherit;font-size:inherit;line-height:inherit}.elementor-widget-heading .elementor-heading-title.elementor-size-small{font-size:15px}.elementor-widget-heading .elementor-heading-title.elementor-size-medium{font-size:19px}.elementor-widget-heading .elementor-heading-title.elementor-size-large{font-size:29px}.elementor-widget-heading .elementor-heading-title.elementor-size-xl{font-size:39px}.elementor-widget-heading .elementor-heading-title.elementor-size-xxl{font-size:59px}<\/style><h1 class=\"elementor-heading-title elementor-size-default\">Fotograf\u00eda de productos. Gu\u00eda pr\u00e1ctica para emprendedoras y emprendedores<\/h1>\t\t<\/div>\n\t\t\t\t<\/div>\n\t\t\t\t<div class=\"elementor-element elementor-element-1fa474c elementor-widget elementor-widget-post-info\" data-id=\"1fa474c\" data-element_type=\"widget\" data-widget_type=\"post-info.default\">\n\t\t\t\t<div class=\"elementor-widget-container\">\n\t\t\t<link rel=\"stylesheet\" href=\"https:\/\/www.coordinadoradelamujer.org.bo\/emprender\/wp-content\/plugins\/elementor\/assets\/css\/widget-icon-list.min.css\">\t\t<ul class=\"elementor-inline-items elementor-icon-list-items elementor-post-info\">\n\t\t\t\t\t<li class=\"elementor-icon-list-item elementor-repeater-item-6cedf9f elementor-inline-item\" itemprop=\"datePublished\">\n\t\t\t\t\t\t<a href=\"https:\/\/www.coordinadoradelamujer.org.bo\/emprender\/index.php\/2023\/06\/07\/\">\n\t\t\t\t\t\t\t\t\t\t\t<span class=\"elementor-icon-list-icon\">\n\t\t\t\t\t\t\t\t<i aria-hidden=\"true\" class=\"fas fa-calendar\"><\/i>\t\t\t\t\t\t\t<\/span>\n\t\t\t\t\t\t\t\t\t<span class=\"elementor-icon-list-text elementor-post-info__item elementor-post-info__item--type-date\">\n\t\t\t\t\t\t\t\t\t\tjunio 7, 2023\t\t\t\t\t<\/span>\n\t\t\t\t\t\t\t\t\t<\/a>\n\t\t\t\t<\/li>\n\t\t\t\t<li class=\"elementor-icon-list-item elementor-repeater-item-5667706 elementor-inline-item\">\n\t\t\t\t\t\t\t\t\t\t<span class=\"elementor-icon-list-icon\">\n\t\t\t\t\t\t\t\t<i aria-hidden=\"true\" class=\"far fa-clock\"><\/i>\t\t\t\t\t\t\t<\/span>\n\t\t\t\t\t\t\t\t\t<span class=\"elementor-icon-list-text elementor-post-info__item elementor-post-info__item--type-time\">\n\t\t\t\t\t\t\t\t\t\t2:01 pm\t\t\t\t\t<\/span>\n\t\t\t\t\t\t\t\t<\/li>\n\t\t\t\t<\/ul>\n\t\t\t\t<\/div>\n\t\t\t\t<\/div>\n\t\t\t\t<div class=\"elementor-element elementor-element-7ae0614 elementor-widget elementor-widget-heading\" data-id=\"7ae0614\" data-element_type=\"widget\" data-widget_type=\"heading.default\">\n\t\t\t\t<div class=\"elementor-widget-container\">\n\t\t\t<h2 class=\"elementor-heading-title elementor-size-default\">La promoci\u00f3n y difusi\u00f3n de productos y servicios en las redes sociales requiere el apoyo de fotograf\u00edas de alta calidad que muestren sus caracter\u00edsticas, ventajas, cualidades y beneficios para el cliente o consumidor, una imagen de mala calidad tendr\u00e1 un efecto negativo en el p\u00fablico consumidor, por estas razones, las\/los emprendedoras\/es requieren adquirir habilidades b\u00e1sicas para aprovechar y explotar\nlas posibilidades que les ofrecen las c\u00e1maras fotogr\u00e1ficas de las que disponen, sin tener que recurrir a gastos elevados en la adquisici\u00f3n de equipo fotogr\u00e1fico especializado.\n<\/h2>\t\t<\/div>\n\t\t\t\t<\/div>\n\t\t\t\t\t<\/div>\n\t\t<\/div>\n\t\t\t\t\t\t\t<\/div>\n\t\t<\/section>\n\t\t\t\t<div class=\"elementor-element elementor-element-7401851 elementor-align-center elementor-widget elementor-widget-button\" data-id=\"7401851\" data-element_type=\"widget\" data-widget_type=\"button.default\">\n\t\t\t\t<div class=\"elementor-widget-container\">\n\t\t\t\t\t<div class=\"elementor-button-wrapper\">\n\t\t\t<a href=\"https:\/\/www.coordinadoradelamujer.org.bo\/emprender\/wp-content\/uploads\/2023\/06\/Guia-de-Fotografia-de-Productos-VF-iffi.pdf\" target=\"_blank\" class=\"elementor-button-link elementor-button elementor-size-sm\" role=\"button\">\n\t\t\t\t\t\t<span class=\"elementor-button-content-wrapper\">\n\t\t\t\t\t\t\t<span class=\"elementor-button-icon elementor-align-icon-left\">\n\t\t\t\t<i aria-hidden=\"true\" class=\"far fa-file-pdf\"><\/i>\t\t\t<\/span>\n\t\t\t\t\t\t<span class=\"elementor-button-text\">Descargar<\/span>\n\t\t<\/span>\n\t\t\t\t\t<\/a>\n\t\t<\/div>\n\t\t\t\t<\/div>\n\t\t\t\t<\/div>\n\t\t\t\t\t<\/div>\n\t\t<\/div>\n\t\t\t\t\t\t\t<\/div>\n\t\t<\/section>\n\t\t\t\t\t\t\t<\/div>\n\t\t","protected":false},"excerpt":{"rendered":"<p>La promoci\u00f3n y difusi\u00f3n de productos y servicios en las redes sociales requiere el apoyo de fotograf\u00edas de alta calidad que muestren sus caracter\u00edsticas, ventajas, cualidades y beneficios para el cliente o consumidor, una imagen de mala calidad tendr\u00e1 un efecto negativo en el p\u00fablico consumidor, por estas razones, las\/los emprendedoras\/es requieren adquirir habilidades b\u00e1sicas &hellip;<\/p>\n<p class=\"read-more\"> <a class=\"\" href=\"https:\/\/www.coordinadoradelamujer.org.bo\/emprender\/index.php\/2023\/06\/07\/fotografia-de-productos-guia-practica-para-emprendedoras-y-emprendedores\/\"> <span class=\"screen-reader-text\">Fotograf\u00eda de productos. Gu\u00eda pr\u00e1ctica para emprendedoras y emprendedores<\/span> Leer m\u00e1s &raquo;<\/a><\/p>\n","protected":false},"author":1,"featured_media":16454,"comment_status":"closed","ping_status":"closed","sticky":false,"template":"elementor_header_footer","format":"standard","meta":{"site-sidebar-layout":"default","site-content-layout":"page-builder","ast-global-header-display":"","ast-main-header-display":"","ast-hfb-above-header-display":"","ast-hfb-below-header-display":"","ast-hfb-mobile-header-display":"","site-post-title":"","ast-breadcrumbs-content":"","ast-featured-img":"","footer-sml-layout":"","theme-transparent-header-meta":"","adv-header-id-meta":"","stick-header-meta":"","header-above-stick-meta":"","header-main-stick-meta":"","header-below-stick-meta":"","footnotes":""},"categories":[13],"tags":[],"_links":{"self":[{"href":"https:\/\/www.coordinadoradelamujer.org.bo\/emprender\/index.php\/wp-json\/wp\/v2\/posts\/16449"}],"collection":[{"href":"https:\/\/www.coordinadoradelamujer.org.bo\/emprender\/index.php\/wp-json\/wp\/v2\/posts"}],"about":[{"href":"https:\/\/www.coordinadoradelamujer.org.bo\/emprender\/index.php\/wp-json\/wp\/v2\/types\/post"}],"author":[{"embeddable":true,"href":"https:\/\/www.coordinadoradelamujer.org.bo\/emprender\/index.php\/wp-json\/wp\/v2\/users\/1"}],"replies":[{"embeddable":true,"href":"https:\/\/www.coordinadoradelamujer.org.bo\/emprender\/index.php\/wp-json\/wp\/v2\/comments?post=16449"}],"version-history":[{"count":8,"href":"https:\/\/www.coordinadoradelamujer.org.bo\/emprender\/index.php\/wp-json\/wp\/v2\/posts\/16449\/revisions"}],"predecessor-version":[{"id":16513,"href":"https:\/\/www.coordinadoradelamujer.org.bo\/emprender\/index.php\/wp-json\/wp\/v2\/posts\/16449\/revisions\/16513"}],"wp:featuredmedia":[{"embeddable":true,"href":"https:\/\/www.coordinadoradelamujer.org.bo\/emprender\/index.php\/wp-json\/wp\/v2\/media\/16454"}],"wp:attachment":[{"href":"https:\/\/www.coordinadoradelamujer.org.bo\/emprender\/index.php\/wp-json\/wp\/v2\/media?parent=16449"}],"wp:term":[{"taxonomy":"category","embeddable":true,"href":"https:\/\/www.coordinadoradelamujer.org.bo\/emprender\/index.php\/wp-json\/wp\/v2\/categories?post=16449"},{"taxonomy":"post_tag","embeddable":true,"href":"https:\/\/www.coordinadoradelamujer.org.bo\/emprender\/index.php\/wp-json\/wp\/v2\/tags?post=16449"}],"curies":[{"name":"wp","href":"https:\/\/api.w.org\/{rel}","templated":true}]}}