{"id":16411,"date":"2023-06-07T01:22:40","date_gmt":"2023-06-07T01:22:40","guid":{"rendered":"http:\/\/www.coordinadoradelamujer.org.bo\/emprender\/?p=16411"},"modified":"2023-06-07T01:24:26","modified_gmt":"2023-06-07T01:24:26","slug":"mujeres-y-jovenes-emprendedores-aprendieron-a-crear-paginas-web-para-potenciar-su-acceso-a-mercados-virtuales-y-fisicos","status":"publish","type":"post","link":"https:\/\/www.coordinadoradelamujer.org.bo\/emprender\/index.php\/2023\/06\/07\/mujeres-y-jovenes-emprendedores-aprendieron-a-crear-paginas-web-para-potenciar-su-acceso-a-mercados-virtuales-y-fisicos\/","title":{"rendered":"Mujeres y j\u00f3venes emprendedores aprendieron a crear p\u00e1ginas web para potenciar su acceso a mercados virtuales y f\u00edsicos"},"content":{"rendered":"\t\t<div data-elementor-type=\"wp-post\" data-elementor-id=\"16411\" class=\"elementor elementor-16411\">\n\t\t\t\t\t\t\t\t\t<section class=\"elementor-section elementor-top-section elementor-element elementor-element-6b5d2c3 elementor-section-boxed elementor-section-height-default elementor-section-height-default\" data-id=\"6b5d2c3\" data-element_type=\"section\">\n\t\t\t\t\t\t<div class=\"elementor-container elementor-column-gap-default\">\n\t\t\t\t\t<div class=\"elementor-column elementor-col-100 elementor-top-column elementor-element elementor-element-0e0b349\" data-id=\"0e0b349\" data-element_type=\"column\">\n\t\t\t<div class=\"elementor-widget-wrap elementor-element-populated\">\n\t\t\t\t\t\t\t\t<div class=\"elementor-element elementor-element-fc9b946 elementor-widget elementor-widget-heading\" data-id=\"fc9b946\" data-element_type=\"widget\" data-widget_type=\"heading.default\">\n\t\t\t\t<div class=\"elementor-widget-container\">\n\t\t\t<style>\/*! elementor - v3.6.7 - 03-07-2022 *\/\n.elementor-heading-title{padding:0;margin:0;line-height:1}.elementor-widget-heading .elementor-heading-title[class*=elementor-size-]>a{color:inherit;font-size:inherit;line-height:inherit}.elementor-widget-heading .elementor-heading-title.elementor-size-small{font-size:15px}.elementor-widget-heading .elementor-heading-title.elementor-size-medium{font-size:19px}.elementor-widget-heading .elementor-heading-title.elementor-size-large{font-size:29px}.elementor-widget-heading .elementor-heading-title.elementor-size-xl{font-size:39px}.elementor-widget-heading .elementor-heading-title.elementor-size-xxl{font-size:59px}<\/style><h1 class=\"elementor-heading-title elementor-size-default\">Mujeres y j\u00f3venes emprendedores aprendieron a crear p\u00e1ginas web para potenciar su acceso a mercados virtuales y f\u00edsicos<\/h1>\t\t<\/div>\n\t\t\t\t<\/div>\n\t\t\t\t<div class=\"elementor-element elementor-element-1fa474c elementor-widget elementor-widget-post-info\" data-id=\"1fa474c\" data-element_type=\"widget\" data-widget_type=\"post-info.default\">\n\t\t\t\t<div class=\"elementor-widget-container\">\n\t\t\t<link rel=\"stylesheet\" href=\"https:\/\/www.coordinadoradelamujer.org.bo\/emprender\/wp-content\/plugins\/elementor\/assets\/css\/widget-icon-list.min.css\">\t\t<ul class=\"elementor-inline-items elementor-icon-list-items elementor-post-info\">\n\t\t\t\t\t<li class=\"elementor-icon-list-item elementor-repeater-item-6cedf9f elementor-inline-item\" itemprop=\"datePublished\">\n\t\t\t\t\t\t<a href=\"https:\/\/www.coordinadoradelamujer.org.bo\/emprender\/index.php\/2023\/06\/07\/\">\n\t\t\t\t\t\t\t\t\t\t\t<span class=\"elementor-icon-list-icon\">\n\t\t\t\t\t\t\t\t<i aria-hidden=\"true\" class=\"fas fa-calendar\"><\/i>\t\t\t\t\t\t\t<\/span>\n\t\t\t\t\t\t\t\t\t<span class=\"elementor-icon-list-text elementor-post-info__item elementor-post-info__item--type-date\">\n\t\t\t\t\t\t\t\t\t\tjunio 7, 2023\t\t\t\t\t<\/span>\n\t\t\t\t\t\t\t\t\t<\/a>\n\t\t\t\t<\/li>\n\t\t\t\t<li class=\"elementor-icon-list-item elementor-repeater-item-5667706 elementor-inline-item\">\n\t\t\t\t\t\t\t\t\t\t<span class=\"elementor-icon-list-icon\">\n\t\t\t\t\t\t\t\t<i aria-hidden=\"true\" class=\"far fa-clock\"><\/i>\t\t\t\t\t\t\t<\/span>\n\t\t\t\t\t\t\t\t\t<span class=\"elementor-icon-list-text elementor-post-info__item elementor-post-info__item--type-time\">\n\t\t\t\t\t\t\t\t\t\t1:22 am\t\t\t\t\t<\/span>\n\t\t\t\t\t\t\t\t<\/li>\n\t\t\t\t<\/ul>\n\t\t\t\t<\/div>\n\t\t\t\t<\/div>\n\t\t\t\t\t<\/div>\n\t\t<\/div>\n\t\t\t\t\t\t\t<\/div>\n\t\t<\/section>\n\t\t\t\t<section class=\"elementor-section elementor-top-section elementor-element elementor-element-4a7cf70 elementor-section-boxed elementor-section-height-default elementor-section-height-default\" data-id=\"4a7cf70\" data-element_type=\"section\">\n\t\t\t\t\t\t<div class=\"elementor-container elementor-column-gap-default\">\n\t\t\t\t\t<div class=\"elementor-column elementor-col-16 elementor-top-column elementor-element elementor-element-99e46a4\" data-id=\"99e46a4\" data-element_type=\"column\">\n\t\t\t<div class=\"elementor-widget-wrap\">\n\t\t\t\t\t\t\t\t\t<\/div>\n\t\t<\/div>\n\t\t\t\t<div class=\"elementor-column elementor-col-66 elementor-top-column elementor-element elementor-element-e68556b\" data-id=\"e68556b\" data-element_type=\"column\">\n\t\t\t<div class=\"elementor-widget-wrap elementor-element-populated\">\n\t\t\t\t\t\t\t\t<div class=\"elementor-element elementor-element-599e469 elementor-widget elementor-widget-image\" data-id=\"599e469\" data-element_type=\"widget\" data-widget_type=\"image.default\">\n\t\t\t\t<div class=\"elementor-widget-container\">\n\t\t\t<style>\/*! elementor - v3.6.7 - 03-07-2022 *\/\n.elementor-widget-image{text-align:center}.elementor-widget-image a{display:inline-block}.elementor-widget-image a img[src$=\".svg\"]{width:48px}.elementor-widget-image img{vertical-align:middle;display:inline-block}<\/style>\t\t\t\t\t\t\t\t\t\t\t\t<img loading=\"lazy\" decoding=\"async\" width=\"1024\" height=\"515\" src=\"https:\/\/www.coordinadoradelamujer.org.bo\/emprender\/wp-content\/uploads\/2023\/06\/WhatsApp-Image-2023-06-06-at-21.21.31-1024x515.jpeg\" class=\"attachment-large size-large\" alt=\"\" srcset=\"https:\/\/www.coordinadoradelamujer.org.bo\/emprender\/wp-content\/uploads\/2023\/06\/WhatsApp-Image-2023-06-06-at-21.21.31-1024x515.jpeg 1024w, https:\/\/www.coordinadoradelamujer.org.bo\/emprender\/wp-content\/uploads\/2023\/06\/WhatsApp-Image-2023-06-06-at-21.21.31-300x151.jpeg 300w, https:\/\/www.coordinadoradelamujer.org.bo\/emprender\/wp-content\/uploads\/2023\/06\/WhatsApp-Image-2023-06-06-at-21.21.31-768x386.jpeg 768w, https:\/\/www.coordinadoradelamujer.org.bo\/emprender\/wp-content\/uploads\/2023\/06\/WhatsApp-Image-2023-06-06-at-21.21.31-1536x772.jpeg 1536w, https:\/\/www.coordinadoradelamujer.org.bo\/emprender\/wp-content\/uploads\/2023\/06\/WhatsApp-Image-2023-06-06-at-21.21.31.jpeg 1600w\" sizes=\"(max-width: 1024px) 100vw, 1024px\" \/>\t\t\t\t\t\t\t\t\t\t\t\t\t\t\t<\/div>\n\t\t\t\t<\/div>\n\t\t\t\t<div class=\"elementor-element elementor-element-731224f elementor-widget elementor-widget-text-editor\" data-id=\"731224f\" data-element_type=\"widget\" data-widget_type=\"text-editor.default\">\n\t\t\t\t<div class=\"elementor-widget-container\">\n\t\t\t<style>\/*! elementor - v3.6.7 - 03-07-2022 *\/\n.elementor-widget-text-editor.elementor-drop-cap-view-stacked .elementor-drop-cap{background-color:#818a91;color:#fff}.elementor-widget-text-editor.elementor-drop-cap-view-framed .elementor-drop-cap{color:#818a91;border:3px solid;background-color:transparent}.elementor-widget-text-editor:not(.elementor-drop-cap-view-default) .elementor-drop-cap{margin-top:8px}.elementor-widget-text-editor:not(.elementor-drop-cap-view-default) .elementor-drop-cap-letter{width:1em;height:1em}.elementor-widget-text-editor .elementor-drop-cap{float:left;text-align:center;line-height:1;font-size:50px}.elementor-widget-text-editor .elementor-drop-cap-letter{display:inline-block}<\/style>\t\t\t\t<p style=\"text-align: justify;\"><span style=\"font-size: 11.0pt; font-family: 'Century Gothic',sans-serif;\">Alrededor de quinientos emprendedores de ocho municipios del pa\u00eds, entre j\u00f3venes y mujeres adultas, tuvieron la oportunidad de crear sus p\u00e1ginas web a trav\u00e9s de la plataforma Kolau, lo que les permitir\u00e1 mejorar sus oportunidades de acceso a mercados f\u00edsicos y virtuales. La ONG Centro de Fomento a Iniciativas Econ\u00f3micas FIE desarrollar\u00e1 un proceso de capacitaci\u00f3n en esta materia, en el marco de la iniciativa \u201cMujeres, j\u00f3venes y adolescentes acelerando la ruta 2030 post covid-19\u201d, financiada por la Uni\u00f3n Europea.<\/span><\/p><p style=\"text-align: justify;\"><span style=\"font-size: 11.0pt; font-family: 'Century Gothic',sans-serif;\">En una primera fase, dicha capacitaci\u00f3n comenz\u00f3 en La Paz con un centenar de j\u00f3venes y mujeres de hasta 40 a\u00f1os de edad, con micro y peque\u00f1os emprendimientos. M\u00e1s adelante, cerca de 400 personas m\u00e1s se beneficiar\u00e1n en los departamentos de La Paz, Cochabamba y Tarija, donde se implementa el mencionado proyecto.<\/span><\/p><p style=\"text-align: justify;\"><span style=\"font-size: 11.0pt; font-family: 'Century Gothic',sans-serif;\">\u201cEl 8 de mayo inici\u00f3 el proceso de acompa\u00f1amiento que daremos a las y los emprendedores para la creaci\u00f3n de sus p\u00e1ginas web, de manera que puedan ampliar su alcance hacia la clientela boliviana\u201d, afirm\u00f3 <\/span><span style=\"font-size: 11.0pt; font-family: 'Century Gothic',sans-serif; mso-fareast-font-family: 'Century Gothic'; mso-bidi-font-family: 'Century Gothic';\">Mar\u00eda del Carmen Ostria, coordinadora de Proyectos Sociales de ONG FIE.<\/span><\/p><p style=\"text-align: justify;\"><span style=\"font-size: 11.0pt; font-family: 'Century Gothic',sans-serif; mso-fareast-font-family: 'Century Gothic'; mso-bidi-font-family: 'Century Gothic';\">Se trata de un proceso gratuito mediante el cual se busca impulsar el comercio electr\u00f3nico en beneficio de los j\u00f3venes y mujeres emprendedores que forman parte de esta iniciativa. \u201cQueremos acompa\u00f1ar el crecimiento econ\u00f3mico de las y los beneficiaros y difundir con \u00e9xito sus servicios y productos\u201d, agrega Ostria. \u00a0<\/span><\/p><p style=\"text-align: justify;\"><span style=\"font-size: 11.0pt; font-family: 'Century Gothic',sans-serif; mso-fareast-font-family: 'Century Gothic'; mso-bidi-font-family: 'Century Gothic';\">Adem\u00e1s de ONG FIE, son parte de esta iniciativa la Coordinadora de la Mujer, el Instituto de Formaci\u00f3n Femenina Integral (IFFI), el Centro de Capacitaci\u00f3n e Investigaci\u00f3n de la Mujer Campesina de Tarija (CCIMCAT) y la Campa\u00f1a Boliviana por el Derecho a la Educaci\u00f3n (CBDE). El objetivo del proyecto es reducir la vulnerabilidad socioecon\u00f3mica de adolescentes, mujeres y j\u00f3venes en un contexto post covid-19 y se implementa en ocho municipios del pa\u00eds: La Paz y El Alto, en La Paz; Cochabamba, Colcapirhua y Quillacollo, en Cochabamba; Padcaya, Entre R\u00edos y Yacuiba, en Tarija.<\/span><\/p>\t\t\t\t\t\t<\/div>\n\t\t\t\t<\/div>\n\t\t\t\t\t<\/div>\n\t\t<\/div>\n\t\t\t\t<div class=\"elementor-column elementor-col-16 elementor-top-column elementor-element elementor-element-846cccf\" data-id=\"846cccf\" data-element_type=\"column\">\n\t\t\t<div class=\"elementor-widget-wrap\">\n\t\t\t\t\t\t\t\t\t<\/div>\n\t\t<\/div>\n\t\t\t\t\t\t\t<\/div>\n\t\t<\/section>\n\t\t\t\t<section class=\"elementor-section elementor-top-section elementor-element elementor-element-fd6fa30 elementor-section-boxed elementor-section-height-default elementor-section-height-default\" data-id=\"fd6fa30\" data-element_type=\"section\">\n\t\t\t\t\t\t<div class=\"elementor-container elementor-column-gap-default\">\n\t\t\t\t\t<div class=\"elementor-column elementor-col-16 elementor-top-column elementor-element elementor-element-7c74f63\" data-id=\"7c74f63\" data-element_type=\"column\">\n\t\t\t<div class=\"elementor-widget-wrap\">\n\t\t\t\t\t\t\t\t\t<\/div>\n\t\t<\/div>\n\t\t\t\t<div class=\"elementor-column elementor-col-66 elementor-top-column elementor-element elementor-element-9bf93e3\" data-id=\"9bf93e3\" data-element_type=\"column\">\n\t\t\t<div class=\"elementor-widget-wrap elementor-element-populated\">\n\t\t\t\t\t\t\t\t<div class=\"elementor-element elementor-element-bebd96b elementor-widget elementor-widget-text-editor\" data-id=\"bebd96b\" data-element_type=\"widget\" data-widget_type=\"text-editor.default\">\n\t\t\t\t<div class=\"elementor-widget-container\">\n\t\t\t\t\t\t\t\t\t\t\t\t\t<\/div>\n\t\t\t\t<\/div>\n\t\t\t\t\t<\/div>\n\t\t<\/div>\n\t\t\t\t<div class=\"elementor-column elementor-col-16 elementor-top-column elementor-element elementor-element-61ad90c\" data-id=\"61ad90c\" data-element_type=\"column\">\n\t\t\t<div class=\"elementor-widget-wrap\">\n\t\t\t\t\t\t\t\t\t<\/div>\n\t\t<\/div>\n\t\t\t\t\t\t\t<\/div>\n\t\t<\/section>\n\t\t\t\t\t\t\t<\/div>\n\t\t","protected":false},"excerpt":{"rendered":"<p>Alrededor de quinientos emprendedores de ocho municipios del pa\u00eds, entre j\u00f3venes y mujeres adultas, tuvieron la oportunidad de crear sus p\u00e1ginas web a trav\u00e9s de la plataforma Kolau, lo que les permitir\u00e1 mejorar sus oportunidades de acceso a mercados f\u00edsicos y virtuales. La ONG Centro de Fomento a Iniciativas Econ\u00f3micas FIE desarrollar\u00e1 un proceso de &hellip;<\/p>\n<p class=\"read-more\"> <a class=\"\" href=\"https:\/\/www.coordinadoradelamujer.org.bo\/emprender\/index.php\/2023\/06\/07\/mujeres-y-jovenes-emprendedores-aprendieron-a-crear-paginas-web-para-potenciar-su-acceso-a-mercados-virtuales-y-fisicos\/\"> <span class=\"screen-reader-text\">Mujeres y j\u00f3venes emprendedores aprendieron a crear p\u00e1ginas web para potenciar su acceso a mercados virtuales y f\u00edsicos<\/span> Leer m\u00e1s &raquo;<\/a><\/p>\n","protected":false},"author":2,"featured_media":16412,"comment_status":"closed","ping_status":"open","sticky":false,"template":"elementor_header_footer","format":"standard","meta":{"site-sidebar-layout":"default","site-content-layout":"page-builder","ast-global-header-display":"","ast-main-header-display":"","ast-hfb-above-header-display":"","ast-hfb-below-header-display":"","ast-hfb-mobile-header-display":"","site-post-title":"","ast-breadcrumbs-content":"","ast-featured-img":"","footer-sml-layout":"","theme-transparent-header-meta":"","adv-header-id-meta":"","stick-header-meta":"","header-above-stick-meta":"","header-main-stick-meta":"","header-below-stick-meta":"","footnotes":""},"categories":[4],"tags":[],"_links":{"self":[{"href":"https:\/\/www.coordinadoradelamujer.org.bo\/emprender\/index.php\/wp-json\/wp\/v2\/posts\/16411"}],"collection":[{"href":"https:\/\/www.coordinadoradelamujer.org.bo\/emprender\/index.php\/wp-json\/wp\/v2\/posts"}],"about":[{"href":"https:\/\/www.coordinadoradelamujer.org.bo\/emprender\/index.php\/wp-json\/wp\/v2\/types\/post"}],"author":[{"embeddable":true,"href":"https:\/\/www.coordinadoradelamujer.org.bo\/emprender\/index.php\/wp-json\/wp\/v2\/users\/2"}],"replies":[{"embeddable":true,"href":"https:\/\/www.coordinadoradelamujer.org.bo\/emprender\/index.php\/wp-json\/wp\/v2\/comments?post=16411"}],"version-history":[{"count":5,"href":"https:\/\/www.coordinadoradelamujer.org.bo\/emprender\/index.php\/wp-json\/wp\/v2\/posts\/16411\/revisions"}],"predecessor-version":[{"id":16510,"href":"https:\/\/www.coordinadoradelamujer.org.bo\/emprender\/index.php\/wp-json\/wp\/v2\/posts\/16411\/revisions\/16510"}],"wp:featuredmedia":[{"embeddable":true,"href":"https:\/\/www.coordinadoradelamujer.org.bo\/emprender\/index.php\/wp-json\/wp\/v2\/media\/16412"}],"wp:attachment":[{"href":"https:\/\/www.coordinadoradelamujer.org.bo\/emprender\/index.php\/wp-json\/wp\/v2\/media?parent=16411"}],"wp:term":[{"taxonomy":"category","embeddable":true,"href":"https:\/\/www.coordinadoradelamujer.org.bo\/emprender\/index.php\/wp-json\/wp\/v2\/categories?post=16411"},{"taxonomy":"post_tag","embeddable":true,"href":"https:\/\/www.coordinadoradelamujer.org.bo\/emprender\/index.php\/wp-json\/wp\/v2\/tags?post=16411"}],"curies":[{"name":"wp","href":"https:\/\/api.w.org\/{rel}","templated":true}]}}