{"id":16275,"date":"2023-06-05T20:18:39","date_gmt":"2023-06-05T20:18:39","guid":{"rendered":"http:\/\/www.coordinadoradelamujer.org.bo\/emprender\/?p=16275"},"modified":"2023-06-05T21:12:13","modified_gmt":"2023-06-05T21:12:13","slug":"guia-de-fotografia-proyecto","status":"publish","type":"post","link":"https:\/\/www.coordinadoradelamujer.org.bo\/emprender\/index.php\/2023\/06\/05\/guia-de-fotografia-proyecto\/","title":{"rendered":"Gu\u00eda de fotografia"},"content":{"rendered":"\t\t<div data-elementor-type=\"wp-post\" data-elementor-id=\"16275\" class=\"elementor elementor-16275\">\n\t\t\t\t\t\t\t\t\t<section class=\"elementor-section elementor-top-section elementor-element elementor-element-c398e17 elementor-section-boxed elementor-section-height-default elementor-section-height-default\" data-id=\"c398e17\" data-element_type=\"section\">\n\t\t\t\t\t\t<div class=\"elementor-container elementor-column-gap-default\">\n\t\t\t\t\t<div class=\"elementor-column elementor-col-100 elementor-top-column elementor-element elementor-element-9d44d74\" data-id=\"9d44d74\" data-element_type=\"column\">\n\t\t\t<div class=\"elementor-widget-wrap elementor-element-populated\">\n\t\t\t\t\t\t\t\t<div class=\"elementor-element elementor-element-e40a9e5 elementor-widget elementor-widget-text-editor\" data-id=\"e40a9e5\" data-element_type=\"widget\" data-widget_type=\"text-editor.default\">\n\t\t\t\t<div class=\"elementor-widget-container\">\n\t\t\t<style>\/*! elementor - v3.6.7 - 03-07-2022 *\/\n.elementor-widget-text-editor.elementor-drop-cap-view-stacked .elementor-drop-cap{background-color:#818a91;color:#fff}.elementor-widget-text-editor.elementor-drop-cap-view-framed .elementor-drop-cap{color:#818a91;border:3px solid;background-color:transparent}.elementor-widget-text-editor:not(.elementor-drop-cap-view-default) .elementor-drop-cap{margin-top:8px}.elementor-widget-text-editor:not(.elementor-drop-cap-view-default) .elementor-drop-cap-letter{width:1em;height:1em}.elementor-widget-text-editor .elementor-drop-cap{float:left;text-align:center;line-height:1;font-size:50px}.elementor-widget-text-editor .elementor-drop-cap-letter{display:inline-block}<\/style>\t\t\t\t<p style=\"text-align: left;\"><span dir=\"ltr\" style=\"left: 52.94%; top: 37.24%; font-size: calc(var(--scale-factor)*12.00px); font-family: sans-serif; transform: scaleX(1.0222); color: #000000;\" role=\"presentation\">La cartilla que presentamos a continuaci\u00f3n, forma parte de un conjunto de materiales pedag\u00f3gicos,<\/span><br role=\"presentation\" \/><span dir=\"ltr\" style=\"left: 52.94%; top: 39.06%; font-size: calc(var(--scale-factor)*12.00px); font-family: sans-serif; transform: scaleX(1.03662); color: #000000;\" role=\"presentation\">destinados a fortalecer los conocimientos de emprendedoras y emprendedores, con el objetivo de<\/span><br role=\"presentation\" \/><span dir=\"ltr\" style=\"left: 52.94%; top: 40.88%; font-size: calc(var(--scale-factor)*12.00px); font-family: sans-serif; transform: scaleX(0.990822); color: #000000;\" role=\"presentation\">contribuir a la reactivaci\u00f3n de sus emprendimientos econ\u00f3micos.<\/span><\/p><p style=\"text-align: left;\"><span style=\"color: #000000;\"><span dir=\"ltr\" style=\"left: 52.94%; top: 44.51%; font-size: calc(var(--scale-factor)*12.00px); font-family: sans-serif; transform: scaleX(1.01076);\" role=\"presentation\">Elaborada en el marco de la iniciativa \u201cMujeres, j\u00f3venes y adolescentes acelerando la ruta 2030: por<\/span><\/span><br role=\"presentation\" \/><span dir=\"ltr\" style=\"left: 52.94%; top: 46.33%; font-size: calc(var(--scale-factor)*12.00px); font-family: sans-serif; transform: scaleX(1.01573); color: #000000;\" role=\"presentation\">el cumplimiento y exigibilidad del derecho a la educaci\u00f3n y los derechos econ\u00f3micos afectados post<\/span><br role=\"presentation\" \/><span dir=\"ltr\" style=\"left: 52.94%; top: 48.15%; font-size: calc(var(--scale-factor)*12.00px); font-family: sans-serif; transform: scaleX(0.937074); color: #000000;\" role=\"presentation\">pandemia COVID-19\u201d, impulsada por la Coordinadora de la Mujer, el Centro de Capacitaci\u00f3n e Investigaci\u00f3n<\/span><br role=\"presentation\" \/><span dir=\"ltr\" style=\"left: 52.94%; top: 49.97%; font-size: calc(var(--scale-factor)*12.00px); font-family: sans-serif; transform: scaleX(0.973719); color: #000000;\" role=\"presentation\">de la Mujer Campesina de Tarija (CCIMCAT), el Instituto de Formaci\u00f3n Femenina Integral (IFFI), la ONG<\/span><br role=\"presentation\" \/><span dir=\"ltr\" style=\"left: 52.94%; top: 51.79%; font-size: calc(var(--scale-factor)*12.00px); font-family: sans-serif; transform: scaleX(0.992247); color: #000000;\" role=\"presentation\">Fomento a Iniciativas Econ\u00f3micas (FIE) y la Campa\u00f1a Boliviana por el Derecho a la Educaci\u00f3n, con el<\/span><br role=\"presentation\" \/><span dir=\"ltr\" style=\"left: 52.94%; top: 53.6%; font-size: calc(var(--scale-factor)*12.00px); font-family: sans-serif; transform: scaleX(0.990375); color: #000000;\" role=\"presentation\">financiamiento de la Uni\u00f3n Europea.<\/span><\/p><p style=\"text-align: left;\"><span style=\"color: #000000;\"><span dir=\"ltr\" style=\"left: 52.94%; top: 57.24%; font-size: calc(var(--scale-factor)*12.00px); font-family: sans-serif; transform: scaleX(0.987384);\" role=\"presentation\">La promoci\u00f3n y difusi\u00f3n de productos y servicios en las redes sociales requiere el apoyo de fotograf\u00edas<\/span><\/span><br role=\"presentation\" \/><span dir=\"ltr\" style=\"left: 52.94%; top: 59.06%; font-size: calc(var(--scale-factor)*12.00px); font-family: sans-serif; transform: scaleX(1.03183); color: #000000;\" role=\"presentation\">de alta calidad que muestren sus caracter\u00edsticas, ventajas, cualidades y beneficios para el cliente o<\/span><br role=\"presentation\" \/><span dir=\"ltr\" style=\"left: 52.94%; top: 60.88%; font-size: calc(var(--scale-factor)*12.00px); font-family: sans-serif; transform: scaleX(0.984828); color: #000000;\" role=\"presentation\">consumidor, una imagen de mala calidad tendr\u00e1 un efecto negativo en el p\u00fablico consumidor, por estas<\/span><br role=\"presentation\" \/><span dir=\"ltr\" style=\"left: 52.94%; top: 62.69%; font-size: calc(var(--scale-factor)*12.00px); font-family: sans-serif; transform: scaleX(1.00322); color: #000000;\" role=\"presentation\">razones, las\/los emprendedoras\/es requieren adquirir habilidades b\u00e1sicas para aprovechar y explotar<\/span><br role=\"presentation\" \/><span dir=\"ltr\" style=\"left: 52.94%; top: 64.51%; font-size: calc(var(--scale-factor)*12.00px); font-family: sans-serif; transform: scaleX(1.02727); color: #000000;\" role=\"presentation\">las posibilidades que les ofrecen las c\u00e1maras fotogr\u00e1ficas de las que disponen, sin tener que recurrir a<\/span><br role=\"presentation\" \/><span dir=\"ltr\" style=\"left: 52.94%; top: 66.33%; font-size: calc(var(--scale-factor)*12.00px); font-family: sans-serif; transform: scaleX(1.0089); color: #000000;\" role=\"presentation\">gastos elevados en la adquisici\u00f3n de equipo fotogr\u00e1fico especializado.<\/span><\/p><p style=\"text-align: left;\"><span style=\"color: #000000;\"><span dir=\"ltr\" style=\"left: 52.94%; top: 69.97%; font-size: calc(var(--scale-factor)*12.00px); font-family: sans-serif; transform: scaleX(1.00805);\" role=\"presentation\">Esperamos que los contenidos recuperados en esta gu\u00eda contribuyan a la<\/span> <span dir=\"ltr\" style=\"left: 85.53%; top: 69.97%; font-size: calc(var(--scale-factor)*12.00px); font-family: sans-serif; transform: scaleX(1.02756);\" role=\"presentation\">comprensi\u00f3n, desarrollo y<\/span><\/span><br role=\"presentation\" \/><span dir=\"ltr\" style=\"left: 52.94%; top: 71.79%; font-size: calc(var(--scale-factor)*12.00px); font-family: sans-serif; transform: scaleX(1.06914); color: #000000;\" role=\"presentation\">aplicaci\u00f3n de las t\u00e9cnicas fotogr\u00e1ficas en su emprendimiento y se constituyan en una herramienta<\/span><br role=\"presentation\" \/><span dir=\"ltr\" style=\"left: 52.94%; top: 73.6%; font-size: calc(var(--scale-factor)*12.00px); font-family: sans-serif; transform: scaleX(1.04359); color: #000000;\" role=\"presentation\">que coadyuve a su fortalecimiento y sostenibilidad.<\/span><\/p>\t\t\t\t\t\t<\/div>\n\t\t\t\t<\/div>\n\t\t\t\t<div class=\"elementor-element elementor-element-a0e6352 elementor-widget elementor-widget-button\" data-id=\"a0e6352\" data-element_type=\"widget\" data-widget_type=\"button.default\">\n\t\t\t\t<div class=\"elementor-widget-container\">\n\t\t\t\t\t<div class=\"elementor-button-wrapper\">\n\t\t\t<a href=\"https:\/\/drive.google.com\/drive\/u\/0\/my-drive\" class=\"elementor-button-link elementor-button elementor-size-sm\" role=\"button\">\n\t\t\t\t\t\t<span class=\"elementor-button-content-wrapper\">\n\t\t\t\t\t\t<span class=\"elementor-button-text\">Haz clic aqu\u00ed<\/span>\n\t\t<\/span>\n\t\t\t\t\t<\/a>\n\t\t<\/div>\n\t\t\t\t<\/div>\n\t\t\t\t<\/div>\n\t\t\t\t\t<\/div>\n\t\t<\/div>\n\t\t\t\t\t\t\t<\/div>\n\t\t<\/section>\n\t\t\t\t\t\t\t<\/div>\n\t\t","protected":false},"excerpt":{"rendered":"<p>La cartilla que presentamos a continuaci\u00f3n, forma parte de un conjunto de materiales pedag\u00f3gicos,destinados a fortalecer los conocimientos de emprendedoras y emprendedores, con el objetivo decontribuir a la reactivaci\u00f3n de sus emprendimientos econ\u00f3micos. Elaborada en el marco de la iniciativa \u201cMujeres, j\u00f3venes y adolescentes acelerando la ruta 2030: porel cumplimiento y exigibilidad del derecho a &hellip;<\/p>\n<p class=\"read-more\"> <a class=\"\" href=\"https:\/\/www.coordinadoradelamujer.org.bo\/emprender\/index.php\/2023\/06\/05\/guia-de-fotografia-proyecto\/\"> <span class=\"screen-reader-text\">Gu\u00eda de fotografia<\/span> Leer m\u00e1s &raquo;<\/a><\/p>\n","protected":false},"author":2,"featured_media":16286,"comment_status":"closed","ping_status":"closed","sticky":false,"template":"","format":"standard","meta":{"site-sidebar-layout":"default","site-content-layout":"default","ast-global-header-display":"","ast-main-header-display":"","ast-hfb-above-header-display":"","ast-hfb-below-header-display":"","ast-hfb-mobile-header-display":"","site-post-title":"","ast-breadcrumbs-content":"","ast-featured-img":"","footer-sml-layout":"","theme-transparent-header-meta":"","adv-header-id-meta":"","stick-header-meta":"","header-above-stick-meta":"","header-main-stick-meta":"","header-below-stick-meta":"","footnotes":""},"categories":[4],"tags":[],"_links":{"self":[{"href":"https:\/\/www.coordinadoradelamujer.org.bo\/emprender\/index.php\/wp-json\/wp\/v2\/posts\/16275"}],"collection":[{"href":"https:\/\/www.coordinadoradelamujer.org.bo\/emprender\/index.php\/wp-json\/wp\/v2\/posts"}],"about":[{"href":"https:\/\/www.coordinadoradelamujer.org.bo\/emprender\/index.php\/wp-json\/wp\/v2\/types\/post"}],"author":[{"embeddable":true,"href":"https:\/\/www.coordinadoradelamujer.org.bo\/emprender\/index.php\/wp-json\/wp\/v2\/users\/2"}],"replies":[{"embeddable":true,"href":"https:\/\/www.coordinadoradelamujer.org.bo\/emprender\/index.php\/wp-json\/wp\/v2\/comments?post=16275"}],"version-history":[{"count":18,"href":"https:\/\/www.coordinadoradelamujer.org.bo\/emprender\/index.php\/wp-json\/wp\/v2\/posts\/16275\/revisions"}],"predecessor-version":[{"id":16295,"href":"https:\/\/www.coordinadoradelamujer.org.bo\/emprender\/index.php\/wp-json\/wp\/v2\/posts\/16275\/revisions\/16295"}],"wp:featuredmedia":[{"embeddable":true,"href":"https:\/\/www.coordinadoradelamujer.org.bo\/emprender\/index.php\/wp-json\/wp\/v2\/media\/16286"}],"wp:attachment":[{"href":"https:\/\/www.coordinadoradelamujer.org.bo\/emprender\/index.php\/wp-json\/wp\/v2\/media?parent=16275"}],"wp:term":[{"taxonomy":"category","embeddable":true,"href":"https:\/\/www.coordinadoradelamujer.org.bo\/emprender\/index.php\/wp-json\/wp\/v2\/categories?post=16275"},{"taxonomy":"post_tag","embeddable":true,"href":"https:\/\/www.coordinadoradelamujer.org.bo\/emprender\/index.php\/wp-json\/wp\/v2\/tags?post=16275"}],"curies":[{"name":"wp","href":"https:\/\/api.w.org\/{rel}","templated":true}]}}