{"id":16164,"date":"2023-05-10T15:01:54","date_gmt":"2023-05-10T15:01:54","guid":{"rendered":"http:\/\/www.coordinadoradelamujer.org.bo\/emprender\/?p=16164"},"modified":"2023-11-27T16:12:44","modified_gmt":"2023-11-27T16:12:44","slug":"junta-nacional-de-padres-y-madres-de-familia-analizo-la-malla-curricular-con-autoridades-de-educacion","status":"publish","type":"post","link":"https:\/\/www.coordinadoradelamujer.org.bo\/emprender\/index.php\/2023\/05\/10\/junta-nacional-de-padres-y-madres-de-familia-analizo-la-malla-curricular-con-autoridades-de-educacion\/","title":{"rendered":"Junta Nacional de Padres y Madres de Familia analiz\u00f3 la malla curricular con autoridades de educaci\u00f3n"},"content":{"rendered":"\t\t<div data-elementor-type=\"wp-post\" data-elementor-id=\"16164\" class=\"elementor elementor-16164\">\n\t\t\t\t\t\t\t\t\t<section class=\"elementor-section elementor-top-section elementor-element elementor-element-7396990 elementor-section-boxed elementor-section-height-default elementor-section-height-default\" data-id=\"7396990\" data-element_type=\"section\">\n\t\t\t\t\t\t<div class=\"elementor-container elementor-column-gap-default\">\n\t\t\t\t\t<div class=\"elementor-column elementor-col-100 elementor-top-column elementor-element elementor-element-67cd899\" data-id=\"67cd899\" data-element_type=\"column\">\n\t\t\t<div class=\"elementor-widget-wrap elementor-element-populated\">\n\t\t\t\t\t\t\t\t<div class=\"elementor-element elementor-element-a2de855 elementor-widget elementor-widget-text-editor\" data-id=\"a2de855\" data-element_type=\"widget\" data-widget_type=\"text-editor.default\">\n\t\t\t\t<div class=\"elementor-widget-container\">\n\t\t\t<style>\/*! elementor - v3.6.7 - 03-07-2022 *\/\n.elementor-widget-text-editor.elementor-drop-cap-view-stacked .elementor-drop-cap{background-color:#818a91;color:#fff}.elementor-widget-text-editor.elementor-drop-cap-view-framed .elementor-drop-cap{color:#818a91;border:3px solid;background-color:transparent}.elementor-widget-text-editor:not(.elementor-drop-cap-view-default) .elementor-drop-cap{margin-top:8px}.elementor-widget-text-editor:not(.elementor-drop-cap-view-default) .elementor-drop-cap-letter{width:1em;height:1em}.elementor-widget-text-editor .elementor-drop-cap{float:left;text-align:center;line-height:1;font-size:50px}.elementor-widget-text-editor .elementor-drop-cap-letter{display:inline-block}<\/style>\t\t\t\t<p class=\"MsoNormal\" style=\"text-align: justify;\"><span lang=\"ES\" style=\"font-size: 12pt; font-family: Calibri, sans-serif; color: #000000;\">La Junta Nacional de Padres y Madres de Familia tuvo la oportunidad de conocer mejor y disipar sus dudas respecto a los contenidos del curr\u00edculo actualizado, en particular sobre las \u00e1reas de educaci\u00f3n integral en sexualidad (EIS), despatriarcalizaci\u00f3n y prevenci\u00f3n de la violencia, en un encuentro que sostendr\u00e1 el 17 de abril con t\u00e9cnicos y autoridades del Ministerio de Educaci\u00f3n. Dicho encuentro es organizado por la Coordinadora de la Mujer, en articulaci\u00f3n con la Junta, en el marco de la iniciativa \u201cmujeres, j\u00f3venes y adolescentes acelerando la ruta 2030 post covid-19\u201d, financiada por la Uni\u00f3n Europea. <\/span><\/p><p class=\"MsoNormal\" style=\"text-align: justify;\"><span style=\"color: #000000;\"><span style=\"font-family: Calibri, sans-serif; font-size: 12pt; font-style: inherit; font-weight: inherit; background-color: var(--ast-global-color-5);\">A la ciudad de La Paz llegaron representantes de padres y madres de familia de\u00a0<\/span><span style=\"font-family: Calibri, sans-serif; font-size: 12pt; font-style: inherit; font-weight: inherit; background-color: var(--ast-global-color-5);\">diferentes regiones del pa\u00eds. Tambi\u00e9n operadores t\u00e9cnicos\u00a0<\/span><span style=\"font-family: Calibri, sans-serif; font-size: 12pt; font-style: inherit; font-weight: inherit; background-color: var(--ast-global-color-5);\">del Ministerio de Educaci\u00f3n: directores departamentales, distritales y t\u00e9cnicos\u00a0<\/span><span style=\"font-family: Calibri, sans-serif; font-size: 12pt; font-style: inherit; font-weight: inherit; background-color: var(--ast-global-color-5);\">de participaci\u00f3n social. A trav\u00e9s de una exposici\u00f3n, seguida de un di\u00e1logo y\u00a0<\/span><span style=\"font-family: Calibri, sans-serif; font-size: 12pt; font-style: inherit; font-weight: inherit; background-color: var(--ast-global-color-5);\">reflexi\u00f3n se logr\u00f3 disipar dudas de las y los participantes.<\/span><\/span><\/p><p class=\"MsoNormal\" style=\"text-align: justify;\"><span style=\"color: #000000;\"><span lang=\"ES\" style=\"font-size: 12.0pt; font-family: 'Calibri',sans-serif; mso-ascii-theme-font: minor-latin; mso-hansi-theme-font: minor-latin; mso-bidi-theme-font: minor-latin; mso-no-proof: yes;\">\u00a0<\/span><span style=\"font-family: Calibri, sans-serif; font-size: 12pt; font-style: inherit; font-weight: inherit; background-color: var(--ast-global-color-5);\">Asimismo, este espacio fue propicio para generar estrategias comunes que\u00a0<\/span><span style=\"font-family: Calibri, sans-serif; font-size: 12pt; font-style: inherit; font-weight: inherit; background-color: var(--ast-global-color-5);\">permitan socializar con mayor fluidez los contenidos curriculares en diferentes\u00a0<\/span><span style=\"font-family: Calibri, sans-serif; font-size: 12pt; font-style: inherit; font-weight: inherit; background-color: var(--ast-global-color-5);\">territorios del pa\u00eds. A pesar de que dichos contenidos son de acceso p\u00fablico a\u00a0<\/span><span style=\"font-family: Calibri, sans-serif; font-size: 12pt; font-style: inherit; font-weight: inherit; background-color: var(--ast-global-color-5);\">trav\u00e9s de la p\u00e1gina web del Ministerio de Educaci\u00f3n, se ha generado una campa\u00f1a\u00a0<\/span><span style=\"font-family: Calibri, sans-serif; font-size: 12pt; font-style: inherit; font-weight: inherit; background-color: var(--ast-global-color-5);\">de desinformaci\u00f3n al respecto desde movimientos conservadores contrarios al\u00a0<\/span><span style=\"font-family: Calibri, sans-serif; font-size: 12pt; font-style: inherit; font-weight: inherit; background-color: var(--ast-global-color-5);\">avance de los derechos humanos, en particular, de las mujeres.<\/span><span style=\"font-family: Calibri, sans-serif; font-size: 12pt; font-style: inherit; font-weight: inherit; background-color: var(--ast-global-color-5);\">\u00a0<\/span><\/span><\/p><p class=\"MsoNormal\" style=\"text-align: justify;\"><span style=\"color: #000000;\"><span lang=\"ES\" style=\"font-size: 12.0pt; font-family: 'Calibri',sans-serif; mso-ascii-theme-font: minor-latin; mso-hansi-theme-font: minor-latin; mso-bidi-theme-font: minor-latin; mso-no-proof: yes;\">Uno de los temas que mayor resistencia ha generado es el de la educaci\u00f3n integral en sexualidad (EIS), cuando \u00e9ste es considerado un derecho humano y cuenta con un amplio respaldo normativo nacional e internacional para su implementaci\u00f3n. Responde, adem\u00e1s, a la necesidad de contrarrestar graves problem\u00e1ticas que afectan a ni\u00f1os, ni\u00f1as y adolescentes, tales como la violencia sexual y el embarazo adolescente, entre otros.<\/span><span style=\"font-family: Calibri, sans-serif; font-size: 12pt; font-style: inherit; font-weight: inherit; background-color: var(--ast-global-color-5);\">\u00a0<\/span><\/span><\/p><p class=\"MsoNormal\" style=\"text-align: justify;\"><span lang=\"ES\" style=\"font-size: 12pt; font-family: Calibri, sans-serif; color: #000000;\">Cabe recordar que la inclusi\u00f3n de la EIS en el curr\u00edculo educativo contribuye al logro de las metas planteadas en la ruta 2030 y aporta de manera sustancial al objetivo de desarrollo sostenible (ODS) 4, reforzando la calidad educativa que se imparte en el sistema educativo plurinacional.<\/span><\/p><p class=\"MsoNormal\" style=\"text-align: justify;\"><span style=\"color: #000000;\"><span lang=\"ES\" style=\"font-size: 12.0pt; font-family: 'Calibri',sans-serif; mso-ascii-theme-font: minor-latin; mso-hansi-theme-font: minor-latin; mso-bidi-theme-font: minor-latin; mso-no-proof: yes;\">\u00a0<\/span><span style=\"font-family: Calibri, sans-serif; font-size: 12pt; font-style: inherit; font-weight: inherit; background-color: var(--ast-global-color-5);\">La iniciativa \u201cMujeres, j\u00f3venes y adolescentes acelerando la ruta 2030\u00a0<\/span><span style=\"font-family: Calibri, sans-serif; font-size: 12pt; font-style: inherit; font-weight: inherit; background-color: var(--ast-global-color-5);\">post covid-19\u201d, es implementada por la Coordinadora de la Mujer, la ONG Fie, la\u00a0<\/span><span style=\"font-family: Calibri, sans-serif; font-size: 12pt; font-style: inherit; font-weight: inherit; background-color: var(--ast-global-color-5);\">Campa\u00f1a Boliviana por el Derecho a la Educaci\u00f3n, el Centro de Capacitaci\u00f3n e\u00a0<\/span><span style=\"font-family: Calibri, sans-serif; font-size: 12pt; font-style: inherit; font-weight: inherit; background-color: var(--ast-global-color-5);\">Investigaci\u00f3n de la Mujer Campesina de Tarija y el Instituto de Formaci\u00f3n\u00a0<\/span><span style=\"font-family: Calibri, sans-serif; font-size: 12pt; font-style: inherit; font-weight: inherit; background-color: var(--ast-global-color-5);\">Femenina Integral, con el objetivo de reducir la vulnerabilidad socioecon\u00f3mica\u00a0<\/span><span style=\"font-family: Calibri, sans-serif; font-size: 12pt; font-style: inherit; font-weight: inherit; background-color: var(--ast-global-color-5);\">de mujeres, adolescentes y j\u00f3venes, en un contexto de recuperaci\u00f3n post\u00a0<\/span><span style=\"font-family: Calibri, sans-serif; font-size: 12pt; font-style: inherit; font-weight: inherit; background-color: var(--ast-global-color-5);\">covid-19.<\/span><\/span><\/p>\t\t\t\t\t\t<\/div>\n\t\t\t\t<\/div>\n\t\t\t\t\t<\/div>\n\t\t<\/div>\n\t\t\t\t\t\t\t<\/div>\n\t\t<\/section>\n\t\t\t\t\t\t\t<\/div>\n\t\t","protected":false},"excerpt":{"rendered":"<p>La Junta Nacional de Padres y Madres de Familia tuvo la oportunidad de conocer mejor y disipar sus dudas respecto a los contenidos del curr\u00edculo actualizado, en particular sobre las \u00e1reas de educaci\u00f3n integral en sexualidad (EIS), despatriarcalizaci\u00f3n y prevenci\u00f3n de la violencia, en un encuentro que sostendr\u00e1 el 17 de abril con t\u00e9cnicos y &hellip;<\/p>\n<p class=\"read-more\"> <a class=\"\" href=\"https:\/\/www.coordinadoradelamujer.org.bo\/emprender\/index.php\/2023\/05\/10\/junta-nacional-de-padres-y-madres-de-familia-analizo-la-malla-curricular-con-autoridades-de-educacion\/\"> <span class=\"screen-reader-text\">Junta Nacional de Padres y Madres de Familia analiz\u00f3 la malla curricular con autoridades de educaci\u00f3n<\/span> Leer m\u00e1s &raquo;<\/a><\/p>\n","protected":false},"author":1,"featured_media":16161,"comment_status":"closed","ping_status":"open","sticky":false,"template":"","format":"standard","meta":{"site-sidebar-layout":"default","site-content-layout":"default","ast-global-header-display":"","ast-main-header-display":"","ast-hfb-above-header-display":"","ast-hfb-below-header-display":"","ast-hfb-mobile-header-display":"","site-post-title":"","ast-breadcrumbs-content":"","ast-featured-img":"","footer-sml-layout":"","theme-transparent-header-meta":"","adv-header-id-meta":"","stick-header-meta":"","header-above-stick-meta":"","header-main-stick-meta":"","header-below-stick-meta":"","footnotes":""},"categories":[4],"tags":[],"_links":{"self":[{"href":"https:\/\/www.coordinadoradelamujer.org.bo\/emprender\/index.php\/wp-json\/wp\/v2\/posts\/16164"}],"collection":[{"href":"https:\/\/www.coordinadoradelamujer.org.bo\/emprender\/index.php\/wp-json\/wp\/v2\/posts"}],"about":[{"href":"https:\/\/www.coordinadoradelamujer.org.bo\/emprender\/index.php\/wp-json\/wp\/v2\/types\/post"}],"author":[{"embeddable":true,"href":"https:\/\/www.coordinadoradelamujer.org.bo\/emprender\/index.php\/wp-json\/wp\/v2\/users\/1"}],"replies":[{"embeddable":true,"href":"https:\/\/www.coordinadoradelamujer.org.bo\/emprender\/index.php\/wp-json\/wp\/v2\/comments?post=16164"}],"version-history":[{"count":10,"href":"https:\/\/www.coordinadoradelamujer.org.bo\/emprender\/index.php\/wp-json\/wp\/v2\/posts\/16164\/revisions"}],"predecessor-version":[{"id":16488,"href":"https:\/\/www.coordinadoradelamujer.org.bo\/emprender\/index.php\/wp-json\/wp\/v2\/posts\/16164\/revisions\/16488"}],"wp:featuredmedia":[{"embeddable":true,"href":"https:\/\/www.coordinadoradelamujer.org.bo\/emprender\/index.php\/wp-json\/wp\/v2\/media\/16161"}],"wp:attachment":[{"href":"https:\/\/www.coordinadoradelamujer.org.bo\/emprender\/index.php\/wp-json\/wp\/v2\/media?parent=16164"}],"wp:term":[{"taxonomy":"category","embeddable":true,"href":"https:\/\/www.coordinadoradelamujer.org.bo\/emprender\/index.php\/wp-json\/wp\/v2\/categories?post=16164"},{"taxonomy":"post_tag","embeddable":true,"href":"https:\/\/www.coordinadoradelamujer.org.bo\/emprender\/index.php\/wp-json\/wp\/v2\/tags?post=16164"}],"curies":[{"name":"wp","href":"https:\/\/api.w.org\/{rel}","templated":true}]}}