{"id":15958,"date":"2023-02-13T16:09:49","date_gmt":"2023-02-13T16:09:49","guid":{"rendered":"http:\/\/www.coordinadoradelamujer.org.bo\/emprender\/?p=15958"},"modified":"2023-02-13T18:19:50","modified_gmt":"2023-02-13T18:19:50","slug":"7-de-cada-10-emprendimientos-nacieron-en-plena-pandemia-segun-estudio-en-8-municipios-2","status":"publish","type":"post","link":"https:\/\/www.coordinadoradelamujer.org.bo\/emprender\/index.php\/2023\/02\/13\/7-de-cada-10-emprendimientos-nacieron-en-plena-pandemia-segun-estudio-en-8-municipios-2\/","title":{"rendered":"7 de cada 10 emprendimientos nacieron en plena pandemia, seg\u00fan estudio en 8 municipios"},"content":{"rendered":"\t\t<div data-elementor-type=\"wp-post\" data-elementor-id=\"15958\" class=\"elementor elementor-15958\">\n\t\t\t\t\t\t\t\t\t<section class=\"elementor-section elementor-top-section elementor-element elementor-element-6b5d2c3 elementor-section-boxed elementor-section-height-default elementor-section-height-default\" data-id=\"6b5d2c3\" data-element_type=\"section\">\n\t\t\t\t\t\t<div class=\"elementor-container elementor-column-gap-default\">\n\t\t\t\t\t<div class=\"elementor-column elementor-col-100 elementor-top-column elementor-element elementor-element-0e0b349\" data-id=\"0e0b349\" data-element_type=\"column\">\n\t\t\t<div class=\"elementor-widget-wrap elementor-element-populated\">\n\t\t\t\t\t\t\t\t<div class=\"elementor-element elementor-element-fc9b946 elementor-widget elementor-widget-heading\" data-id=\"fc9b946\" data-element_type=\"widget\" data-widget_type=\"heading.default\">\n\t\t\t\t<div class=\"elementor-widget-container\">\n\t\t\t<style>\/*! elementor - v3.6.7 - 03-07-2022 *\/\n.elementor-heading-title{padding:0;margin:0;line-height:1}.elementor-widget-heading .elementor-heading-title[class*=elementor-size-]>a{color:inherit;font-size:inherit;line-height:inherit}.elementor-widget-heading .elementor-heading-title.elementor-size-small{font-size:15px}.elementor-widget-heading .elementor-heading-title.elementor-size-medium{font-size:19px}.elementor-widget-heading .elementor-heading-title.elementor-size-large{font-size:29px}.elementor-widget-heading .elementor-heading-title.elementor-size-xl{font-size:39px}.elementor-widget-heading .elementor-heading-title.elementor-size-xxl{font-size:59px}<\/style><h1 class=\"elementor-heading-title elementor-size-default\">7 de cada 10 emprendimientos nacieron en plena pandemia, seg\u00fan estudio en 8 municipios<\/h1>\t\t<\/div>\n\t\t\t\t<\/div>\n\t\t\t\t<div class=\"elementor-element elementor-element-1fa474c elementor-widget elementor-widget-post-info\" data-id=\"1fa474c\" data-element_type=\"widget\" data-widget_type=\"post-info.default\">\n\t\t\t\t<div class=\"elementor-widget-container\">\n\t\t\t<link rel=\"stylesheet\" href=\"https:\/\/www.coordinadoradelamujer.org.bo\/emprender\/wp-content\/plugins\/elementor\/assets\/css\/widget-icon-list.min.css\">\t\t<ul class=\"elementor-inline-items elementor-icon-list-items elementor-post-info\">\n\t\t\t\t\t<li class=\"elementor-icon-list-item elementor-repeater-item-6cedf9f elementor-inline-item\" itemprop=\"datePublished\">\n\t\t\t\t\t\t<a href=\"https:\/\/www.coordinadoradelamujer.org.bo\/emprender\/index.php\/2023\/02\/13\/\">\n\t\t\t\t\t\t\t\t\t\t\t<span class=\"elementor-icon-list-icon\">\n\t\t\t\t\t\t\t\t<i aria-hidden=\"true\" class=\"fas fa-calendar\"><\/i>\t\t\t\t\t\t\t<\/span>\n\t\t\t\t\t\t\t\t\t<span class=\"elementor-icon-list-text elementor-post-info__item elementor-post-info__item--type-date\">\n\t\t\t\t\t\t\t\t\t\tfebrero 13, 2023\t\t\t\t\t<\/span>\n\t\t\t\t\t\t\t\t\t<\/a>\n\t\t\t\t<\/li>\n\t\t\t\t<li class=\"elementor-icon-list-item elementor-repeater-item-5667706 elementor-inline-item\">\n\t\t\t\t\t\t\t\t\t\t<span class=\"elementor-icon-list-icon\">\n\t\t\t\t\t\t\t\t<i aria-hidden=\"true\" class=\"far fa-clock\"><\/i>\t\t\t\t\t\t\t<\/span>\n\t\t\t\t\t\t\t\t\t<span class=\"elementor-icon-list-text elementor-post-info__item elementor-post-info__item--type-time\">\n\t\t\t\t\t\t\t\t\t\t4:09 pm\t\t\t\t\t<\/span>\n\t\t\t\t\t\t\t\t<\/li>\n\t\t\t\t<\/ul>\n\t\t\t\t<\/div>\n\t\t\t\t<\/div>\n\t\t\t\t\t<\/div>\n\t\t<\/div>\n\t\t\t\t\t\t\t<\/div>\n\t\t<\/section>\n\t\t\t\t<section class=\"elementor-section elementor-top-section elementor-element elementor-element-4a7cf70 elementor-section-boxed elementor-section-height-default elementor-section-height-default\" data-id=\"4a7cf70\" data-element_type=\"section\">\n\t\t\t\t\t\t<div class=\"elementor-container elementor-column-gap-default\">\n\t\t\t\t\t<div class=\"elementor-column elementor-col-16 elementor-top-column elementor-element elementor-element-99e46a4\" data-id=\"99e46a4\" data-element_type=\"column\">\n\t\t\t<div class=\"elementor-widget-wrap\">\n\t\t\t\t\t\t\t\t\t<\/div>\n\t\t<\/div>\n\t\t\t\t<div class=\"elementor-column elementor-col-66 elementor-top-column elementor-element elementor-element-e68556b\" data-id=\"e68556b\" data-element_type=\"column\">\n\t\t\t<div class=\"elementor-widget-wrap elementor-element-populated\">\n\t\t\t\t\t\t\t\t<div class=\"elementor-element elementor-element-731224f elementor-widget elementor-widget-text-editor\" data-id=\"731224f\" data-element_type=\"widget\" data-widget_type=\"text-editor.default\">\n\t\t\t\t<div class=\"elementor-widget-container\">\n\t\t\t<style>\/*! elementor - v3.6.7 - 03-07-2022 *\/\n.elementor-widget-text-editor.elementor-drop-cap-view-stacked .elementor-drop-cap{background-color:#818a91;color:#fff}.elementor-widget-text-editor.elementor-drop-cap-view-framed .elementor-drop-cap{color:#818a91;border:3px solid;background-color:transparent}.elementor-widget-text-editor:not(.elementor-drop-cap-view-default) .elementor-drop-cap{margin-top:8px}.elementor-widget-text-editor:not(.elementor-drop-cap-view-default) .elementor-drop-cap-letter{width:1em;height:1em}.elementor-widget-text-editor .elementor-drop-cap{float:left;text-align:center;line-height:1;font-size:50px}.elementor-widget-text-editor .elementor-drop-cap-letter{display:inline-block}<\/style>\t\t\t\t<p><!-- wp:paragraph --><\/p>\n<p>La necesidad de econ\u00f3mica desafi\u00f3 la inventiva de muchas mujeres y j\u00f3venes bolivianos a quienes la pandemia dej\u00f3 con las manos vac\u00edas. Seg\u00fan un estudio de l\u00ednea base desarrollado en ocho municipios del pa\u00eds, siete de cada diez emprendimientos actuales nacieron en contexto covid-19 y cuatro de cada diez est\u00e1n haciendo esfuerzos por reactivarlos.<\/p>\n<p><!-- \/wp:paragraph --><!-- wp:image {\"id\":15923,\"sizeSlug\":\"large\",\"linkDestination\":\"none\",\"className\":\"is-style-default\"} --><\/p>\n<p><!-- \/wp:paragraph --><\/p>\t\t\t\t\t\t<\/div>\n\t\t\t\t<\/div>\n\t\t\t\t\t<\/div>\n\t\t<\/div>\n\t\t\t\t<div class=\"elementor-column elementor-col-16 elementor-top-column elementor-element elementor-element-846cccf\" data-id=\"846cccf\" data-element_type=\"column\">\n\t\t\t<div class=\"elementor-widget-wrap\">\n\t\t\t\t\t\t\t\t\t<\/div>\n\t\t<\/div>\n\t\t\t\t\t\t\t<\/div>\n\t\t<\/section>\n\t\t\t\t<section class=\"elementor-section elementor-top-section elementor-element elementor-element-778afdf elementor-section-boxed elementor-section-height-default elementor-section-height-default\" data-id=\"778afdf\" data-element_type=\"section\">\n\t\t\t\t\t\t<div class=\"elementor-container elementor-column-gap-default\">\n\t\t\t\t\t<div class=\"elementor-column elementor-col-16 elementor-top-column elementor-element elementor-element-5373850\" data-id=\"5373850\" data-element_type=\"column\">\n\t\t\t<div class=\"elementor-widget-wrap\">\n\t\t\t\t\t\t\t\t\t<\/div>\n\t\t<\/div>\n\t\t\t\t<div class=\"elementor-column elementor-col-66 elementor-top-column elementor-element elementor-element-eaa3f5d\" data-id=\"eaa3f5d\" data-element_type=\"column\">\n\t\t\t<div class=\"elementor-widget-wrap elementor-element-populated\">\n\t\t\t\t\t\t\t\t<div class=\"elementor-element elementor-element-6d93f44 elementor-widget elementor-widget-image\" data-id=\"6d93f44\" data-element_type=\"widget\" data-widget_type=\"image.default\">\n\t\t\t\t<div class=\"elementor-widget-container\">\n\t\t\t<style>\/*! elementor - v3.6.7 - 03-07-2022 *\/\n.elementor-widget-image{text-align:center}.elementor-widget-image a{display:inline-block}.elementor-widget-image a img[src$=\".svg\"]{width:48px}.elementor-widget-image img{vertical-align:middle;display:inline-block}<\/style>\t\t\t\t\t\t\t\t\t\t\t\t<img loading=\"lazy\" decoding=\"async\" width=\"919\" height=\"546\" src=\"https:\/\/www.coordinadoradelamujer.org.bo\/emprender\/wp-content\/uploads\/2023\/02\/tabla-emprender.jpeg\" class=\"attachment-full size-full\" alt=\"\" srcset=\"https:\/\/www.coordinadoradelamujer.org.bo\/emprender\/wp-content\/uploads\/2023\/02\/tabla-emprender.jpeg 919w, https:\/\/www.coordinadoradelamujer.org.bo\/emprender\/wp-content\/uploads\/2023\/02\/tabla-emprender-300x178.jpeg 300w, https:\/\/www.coordinadoradelamujer.org.bo\/emprender\/wp-content\/uploads\/2023\/02\/tabla-emprender-768x456.jpeg 768w\" sizes=\"(max-width: 919px) 100vw, 919px\" \/>\t\t\t\t\t\t\t\t\t\t\t\t\t\t\t<\/div>\n\t\t\t\t<\/div>\n\t\t\t\t\t<\/div>\n\t\t<\/div>\n\t\t\t\t<div class=\"elementor-column elementor-col-16 elementor-top-column elementor-element elementor-element-917498e\" data-id=\"917498e\" data-element_type=\"column\">\n\t\t\t<div class=\"elementor-widget-wrap\">\n\t\t\t\t\t\t\t\t\t<\/div>\n\t\t<\/div>\n\t\t\t\t\t\t\t<\/div>\n\t\t<\/section>\n\t\t\t\t<section class=\"elementor-section elementor-top-section elementor-element elementor-element-fd6fa30 elementor-section-boxed elementor-section-height-default elementor-section-height-default\" data-id=\"fd6fa30\" data-element_type=\"section\">\n\t\t\t\t\t\t<div class=\"elementor-container elementor-column-gap-default\">\n\t\t\t\t\t<div class=\"elementor-column elementor-col-16 elementor-top-column elementor-element elementor-element-7c74f63\" data-id=\"7c74f63\" data-element_type=\"column\">\n\t\t\t<div class=\"elementor-widget-wrap\">\n\t\t\t\t\t\t\t\t\t<\/div>\n\t\t<\/div>\n\t\t\t\t<div class=\"elementor-column elementor-col-66 elementor-top-column elementor-element elementor-element-9bf93e3\" data-id=\"9bf93e3\" data-element_type=\"column\">\n\t\t\t<div class=\"elementor-widget-wrap elementor-element-populated\">\n\t\t\t\t\t\t\t\t<div class=\"elementor-element elementor-element-bebd96b elementor-widget elementor-widget-text-editor\" data-id=\"bebd96b\" data-element_type=\"widget\" data-widget_type=\"text-editor.default\">\n\t\t\t\t<div class=\"elementor-widget-container\">\n\t\t\t\t\t\t\t<!-- wp:paragraph -->\n<p>El mencionado estudio fue realizado este a\u00f1o por la Coordinadora de la Mujer, la ONG FIE, el Centro de Capacitaci\u00f3n e Investigaci\u00f3n de la Mujer Campesina de Tarija (CCIMCAT), el Instituto de Formaci\u00f3n Femenina Integral (IFFI) y la Campa\u00f1a Boliviana por el Derecho a la Educaci\u00f3n (CBDE), para poner en marcha la iniciativa \u201cMujeres, j\u00f3venes y adolescentes acelerando la Ruta 2030: Por el cumplimiento y exigibilidad del derecho a la Educaci\u00f3n y los derechos econ\u00f3micos afectados post pandemia Covid-19\u201d, con el financiamiento de la Uni\u00f3n Europea.<\/p>\n<!-- \/wp:paragraph -->\n\n<!-- wp:paragraph -->\n<p>Recientemente, esta iniciativa lanz\u00f3 una convocatoria dirigida a mujeres y j\u00f3venes de entre 18 y 40 a\u00f1os de edad, de Quillacollo, Colcapirhua, Cochabamba, La Paz, El Alto, Padcaya, Entre R\u00edos y Yacuiba, municipios donde se implementa el proyecto. Se espera alcanzar a 400 j\u00f3venes y mujeres que cuenten con micro y peque\u00f1as empresas, y 500 emprendimientos de subsistencia.<\/p>\n<!-- \/wp:paragraph -->\n\n<!-- wp:paragraph -->\n<p>De acuerdo al citado estudio, realizado en base a una muestra representativa de 960 mujeres y j\u00f3venes emprendedores de los ocho municipios, el 75% de los emprendimientos actuales no tienen m\u00e1s de tres a\u00f1os de antig\u00fcedad, vale decir que nacieron en plena la pandemia. Seg\u00fan las motivaciones, el 61% cre\u00f3 su negocio por necesidad o subsistencia, mientras que el 39% por oportunidad (ver cuadro).<\/p>\n<!-- \/wp:paragraph -->\n\n<!-- wp:paragraph -->\n<p>En cuanto al estado de los emprendimientos, para junio de este a\u00f1o, solo el 34% de los negocios estaba en funcionamiento; el 44% en proceso de reactivaci\u00f3n; el 13% paralizado y el 9% era de reciente creaci\u00f3n (menor a 1 a\u00f1o). Otro hallazgo fue que los emprendimientos de mujeres generaban menos ingresos que el de los hombres: 57% de ellas generaba menos de mil bolivianos al mes, mientras que el 59% de ellos generaban entre mil y tres mil bolivianos al mes.<\/p>\n<!-- \/wp:paragraph -->\n\n<!-- wp:paragraph -->\n<p>\u201cEl desempleo, la precariedad laboral y el incremento del trabajo de cuidados no remunerado impactaron de manera particular en la autonom\u00eda econ\u00f3mica de las mujeres, quienes, en muchos casos, se vieron en la necesidad de apostar por peque\u00f1os y espor\u00e1dicos emprendimientos que les permita generar ingresos<\/p>\n<!-- \/wp:paragraph -->\n\n<!-- wp:paragraph -->\n<p>econ\u00f3micos para sus familias. Lo propio las y los j\u00f3venes\u201d, dice Tania S\u00e1nchez, directora ejecutiva de la Coordinadora de la Mujer.<\/p>\n<!-- \/wp:paragraph -->\n\n<!-- wp:paragraph -->\n<p>Es el caso de Paola Rivera, una joven de 26 a\u00f1os que puso en marcha su emprendimiento de elaboraci\u00f3n de empanadas en plena cuarentena. \u201cComo no pod\u00edamos salir de casa, me preocupaba no generar ingresos y, adem\u00e1s, ver a mi abuelita y a mi hija encerradas sin actividad. Entonces, comenzamos a elaborar empanadas para mantenernos activas y para ganar dinero. Nos fue bien al principio, pero cuando las cosas casi volvieron a la normalidad tuve que parar porque ya no vend\u00eda bien\u201d, cuenta Paola, que se gan\u00f3 el nombre de \u201cLa Sra. Masa\u201d en nombre de su emprendimiento.<\/p>\n<!-- \/wp:paragraph -->\n\n<!-- wp:paragraph -->\n<p>Al igual que Paola, mujeres y j\u00f3venes ya se han registrado en el proyecto (<a href=\"https:\/\/www.coordinadoradelamujer.org.bo\/emprender\/\">https:\/\/www.coordinadoradelamujer.org.bo\/emprender\/<\/a>), cuyo plazo est\u00e1 abierto hasta el 14 de octubre. El objetivo es iniciar un proceso de fortalecimiento de capacidades que incluye resiliencia empresarial, desarrollo de habilidades digitales, diversificaci\u00f3n y desarrollo de productos y de mercados, incursi\u00f3n en plataformas digitales y fortalecimiento de habilidades blandas.<\/p>\n<!-- \/wp:paragraph -->\n\n<!-- wp:paragraph -->\n<p>Pero la iniciativa no s\u00f3lo est\u00e1 orientada al \u00e1mbito del emprendedurismo, sino que tiene otros dos componentes: educaci\u00f3n integral e incidencia. El primero busca llegar a 960 estudiantes de secundaria del sistema regular y del alternativo, con tem\u00e1ticas como liderazgo e incidencia, igualdad de g\u00e9nero, lucha contra la violencia, educaci\u00f3n integral para la sexualidad y STEAM (ciencia, tecnolog\u00eda, ingenier\u00eda y matem\u00e1ticas, por sus siglas en ingl\u00e9s; el segundo busca contribuir a generar espacios de di\u00e1logo para la exigibilidad desde la sociedad civil al cumplimiento de los Objetivos de Desarrollo Sostenible (ODS) hacia la ruta 2030.<\/p>\n<!-- \/wp:paragraph -->\n\n<!-- wp:paragraph -->\n<p>As\u00ed, \u201cAprender y fortalecer para emprender\u201d, nombre con el que es conocida esta iniciativa, se presenta como una posibilidad esperanzadora para cerca de dos mil mujeres y j\u00f3venes del pa\u00eds. Con la premisa de que la crisis tambi\u00e9n puede ser una oportunidad, esta iniciativa desaf\u00eda a mujeres y j\u00f3venes a \u201creinventarse\u201d en la post pandemia.\/\/<\/p>\n<!-- \/wp:paragraph -->\t\t\t\t\t\t<\/div>\n\t\t\t\t<\/div>\n\t\t\t\t\t<\/div>\n\t\t<\/div>\n\t\t\t\t<div class=\"elementor-column elementor-col-16 elementor-top-column elementor-element elementor-element-61ad90c\" data-id=\"61ad90c\" data-element_type=\"column\">\n\t\t\t<div class=\"elementor-widget-wrap\">\n\t\t\t\t\t\t\t\t\t<\/div>\n\t\t<\/div>\n\t\t\t\t\t\t\t<\/div>\n\t\t<\/section>\n\t\t\t\t\t\t\t<\/div>\n\t\t","protected":false},"excerpt":{"rendered":"<p>La necesidad de econ\u00f3mica desafi\u00f3 la inventiva de muchas mujeres y j\u00f3venes bolivianos a quienes la pandemia dej\u00f3 con las manos vac\u00edas. Seg\u00fan un estudio de l\u00ednea base desarrollado en ocho municipios del pa\u00eds, siete de cada diez emprendimientos actuales nacieron en contexto covid-19 y cuatro de cada diez est\u00e1n haciendo esfuerzos por reactivarlos. El &hellip;<\/p>\n<p class=\"read-more\"> <a class=\"\" href=\"https:\/\/www.coordinadoradelamujer.org.bo\/emprender\/index.php\/2023\/02\/13\/7-de-cada-10-emprendimientos-nacieron-en-plena-pandemia-segun-estudio-en-8-municipios-2\/\"> <span class=\"screen-reader-text\">7 de cada 10 emprendimientos nacieron en plena pandemia, seg\u00fan estudio en 8 municipios<\/span> Leer m\u00e1s &raquo;<\/a><\/p>\n","protected":false},"author":2,"featured_media":15907,"comment_status":"closed","ping_status":"open","sticky":false,"template":"elementor_header_footer","format":"standard","meta":{"site-sidebar-layout":"default","site-content-layout":"page-builder","ast-global-header-display":"","ast-main-header-display":"","ast-hfb-above-header-display":"","ast-hfb-below-header-display":"","ast-hfb-mobile-header-display":"","site-post-title":"","ast-breadcrumbs-content":"","ast-featured-img":"","footer-sml-layout":"","theme-transparent-header-meta":"","adv-header-id-meta":"","stick-header-meta":"","header-above-stick-meta":"","header-main-stick-meta":"","header-below-stick-meta":"","footnotes":""},"categories":[4],"tags":[],"_links":{"self":[{"href":"https:\/\/www.coordinadoradelamujer.org.bo\/emprender\/index.php\/wp-json\/wp\/v2\/posts\/15958"}],"collection":[{"href":"https:\/\/www.coordinadoradelamujer.org.bo\/emprender\/index.php\/wp-json\/wp\/v2\/posts"}],"about":[{"href":"https:\/\/www.coordinadoradelamujer.org.bo\/emprender\/index.php\/wp-json\/wp\/v2\/types\/post"}],"author":[{"embeddable":true,"href":"https:\/\/www.coordinadoradelamujer.org.bo\/emprender\/index.php\/wp-json\/wp\/v2\/users\/2"}],"replies":[{"embeddable":true,"href":"https:\/\/www.coordinadoradelamujer.org.bo\/emprender\/index.php\/wp-json\/wp\/v2\/comments?post=15958"}],"version-history":[{"count":7,"href":"https:\/\/www.coordinadoradelamujer.org.bo\/emprender\/index.php\/wp-json\/wp\/v2\/posts\/15958\/revisions"}],"predecessor-version":[{"id":15990,"href":"https:\/\/www.coordinadoradelamujer.org.bo\/emprender\/index.php\/wp-json\/wp\/v2\/posts\/15958\/revisions\/15990"}],"wp:featuredmedia":[{"embeddable":true,"href":"https:\/\/www.coordinadoradelamujer.org.bo\/emprender\/index.php\/wp-json\/wp\/v2\/media\/15907"}],"wp:attachment":[{"href":"https:\/\/www.coordinadoradelamujer.org.bo\/emprender\/index.php\/wp-json\/wp\/v2\/media?parent=15958"}],"wp:term":[{"taxonomy":"category","embeddable":true,"href":"https:\/\/www.coordinadoradelamujer.org.bo\/emprender\/index.php\/wp-json\/wp\/v2\/categories?post=15958"},{"taxonomy":"post_tag","embeddable":true,"href":"https:\/\/www.coordinadoradelamujer.org.bo\/emprender\/index.php\/wp-json\/wp\/v2\/tags?post=15958"}],"curies":[{"name":"wp","href":"https:\/\/api.w.org\/{rel}","templated":true}]}}