{"id":15927,"date":"2023-02-13T16:04:45","date_gmt":"2023-02-13T16:04:45","guid":{"rendered":"http:\/\/www.coordinadoradelamujer.org.bo\/emprender\/?p=15927"},"modified":"2023-02-13T18:20:27","modified_gmt":"2023-02-13T18:20:27","slug":"sumamos-esfuerzos-para-fortalecer-emprendimientos-productivos-y-capacidades-de-mujeres-y-jovenes-2","status":"publish","type":"post","link":"https:\/\/www.coordinadoradelamujer.org.bo\/emprender\/index.php\/2023\/02\/13\/sumamos-esfuerzos-para-fortalecer-emprendimientos-productivos-y-capacidades-de-mujeres-y-jovenes-2\/","title":{"rendered":"Sumamos esfuerzos para fortalecer emprendimientos productivos y capacidades de mujeres y j\u00f3venes"},"content":{"rendered":"\t\t<div data-elementor-type=\"wp-post\" data-elementor-id=\"15927\" class=\"elementor elementor-15927\">\n\t\t\t\t\t\t\t\t\t<section class=\"elementor-section elementor-top-section elementor-element elementor-element-6b5d2c3 elementor-section-boxed elementor-section-height-default elementor-section-height-default\" data-id=\"6b5d2c3\" data-element_type=\"section\">\n\t\t\t\t\t\t<div class=\"elementor-container elementor-column-gap-default\">\n\t\t\t\t\t<div class=\"elementor-column elementor-col-100 elementor-top-column elementor-element elementor-element-0e0b349\" data-id=\"0e0b349\" data-element_type=\"column\">\n\t\t\t<div class=\"elementor-widget-wrap elementor-element-populated\">\n\t\t\t\t\t\t\t\t<div class=\"elementor-element elementor-element-fc9b946 elementor-widget elementor-widget-heading\" data-id=\"fc9b946\" data-element_type=\"widget\" data-widget_type=\"heading.default\">\n\t\t\t\t<div class=\"elementor-widget-container\">\n\t\t\t<style>\/*! elementor - v3.6.7 - 03-07-2022 *\/\n.elementor-heading-title{padding:0;margin:0;line-height:1}.elementor-widget-heading .elementor-heading-title[class*=elementor-size-]>a{color:inherit;font-size:inherit;line-height:inherit}.elementor-widget-heading .elementor-heading-title.elementor-size-small{font-size:15px}.elementor-widget-heading .elementor-heading-title.elementor-size-medium{font-size:19px}.elementor-widget-heading .elementor-heading-title.elementor-size-large{font-size:29px}.elementor-widget-heading .elementor-heading-title.elementor-size-xl{font-size:39px}.elementor-widget-heading .elementor-heading-title.elementor-size-xxl{font-size:59px}<\/style><h1 class=\"elementor-heading-title elementor-size-default\">Sumamos esfuerzos para fortalecer emprendimientos productivos y capacidades de mujeres y j\u00f3venes<\/h1>\t\t<\/div>\n\t\t\t\t<\/div>\n\t\t\t\t<div class=\"elementor-element elementor-element-1fa474c elementor-widget elementor-widget-post-info\" data-id=\"1fa474c\" data-element_type=\"widget\" data-widget_type=\"post-info.default\">\n\t\t\t\t<div class=\"elementor-widget-container\">\n\t\t\t<link rel=\"stylesheet\" href=\"https:\/\/www.coordinadoradelamujer.org.bo\/emprender\/wp-content\/plugins\/elementor\/assets\/css\/widget-icon-list.min.css\">\t\t<ul class=\"elementor-inline-items elementor-icon-list-items elementor-post-info\">\n\t\t\t\t\t<li class=\"elementor-icon-list-item elementor-repeater-item-6cedf9f elementor-inline-item\" itemprop=\"datePublished\">\n\t\t\t\t\t\t<a href=\"https:\/\/www.coordinadoradelamujer.org.bo\/emprender\/index.php\/2023\/02\/13\/\">\n\t\t\t\t\t\t\t\t\t\t\t<span class=\"elementor-icon-list-icon\">\n\t\t\t\t\t\t\t\t<i aria-hidden=\"true\" class=\"fas fa-calendar\"><\/i>\t\t\t\t\t\t\t<\/span>\n\t\t\t\t\t\t\t\t\t<span class=\"elementor-icon-list-text elementor-post-info__item elementor-post-info__item--type-date\">\n\t\t\t\t\t\t\t\t\t\tfebrero 13, 2023\t\t\t\t\t<\/span>\n\t\t\t\t\t\t\t\t\t<\/a>\n\t\t\t\t<\/li>\n\t\t\t\t<li class=\"elementor-icon-list-item elementor-repeater-item-5667706 elementor-inline-item\">\n\t\t\t\t\t\t\t\t\t\t<span class=\"elementor-icon-list-icon\">\n\t\t\t\t\t\t\t\t<i aria-hidden=\"true\" class=\"far fa-clock\"><\/i>\t\t\t\t\t\t\t<\/span>\n\t\t\t\t\t\t\t\t\t<span class=\"elementor-icon-list-text elementor-post-info__item elementor-post-info__item--type-time\">\n\t\t\t\t\t\t\t\t\t\t4:04 pm\t\t\t\t\t<\/span>\n\t\t\t\t\t\t\t\t<\/li>\n\t\t\t\t<\/ul>\n\t\t\t\t<\/div>\n\t\t\t\t<\/div>\n\t\t\t\t\t<\/div>\n\t\t<\/div>\n\t\t\t\t\t\t\t<\/div>\n\t\t<\/section>\n\t\t\t\t<section class=\"elementor-section elementor-top-section elementor-element elementor-element-4a7cf70 elementor-section-boxed elementor-section-height-default elementor-section-height-default\" data-id=\"4a7cf70\" data-element_type=\"section\">\n\t\t\t\t\t\t<div class=\"elementor-container elementor-column-gap-default\">\n\t\t\t\t\t<div class=\"elementor-column elementor-col-16 elementor-top-column elementor-element elementor-element-99e46a4\" data-id=\"99e46a4\" data-element_type=\"column\">\n\t\t\t<div class=\"elementor-widget-wrap\">\n\t\t\t\t\t\t\t\t\t<\/div>\n\t\t<\/div>\n\t\t\t\t<div class=\"elementor-column elementor-col-66 elementor-top-column elementor-element elementor-element-e68556b\" data-id=\"e68556b\" data-element_type=\"column\">\n\t\t\t<div class=\"elementor-widget-wrap elementor-element-populated\">\n\t\t\t\t\t\t\t\t<div class=\"elementor-element elementor-element-731224f elementor-widget elementor-widget-text-editor\" data-id=\"731224f\" data-element_type=\"widget\" data-widget_type=\"text-editor.default\">\n\t\t\t\t<div class=\"elementor-widget-container\">\n\t\t\t<style>\/*! elementor - v3.6.7 - 03-07-2022 *\/\n.elementor-widget-text-editor.elementor-drop-cap-view-stacked .elementor-drop-cap{background-color:#818a91;color:#fff}.elementor-widget-text-editor.elementor-drop-cap-view-framed .elementor-drop-cap{color:#818a91;border:3px solid;background-color:transparent}.elementor-widget-text-editor:not(.elementor-drop-cap-view-default) .elementor-drop-cap{margin-top:8px}.elementor-widget-text-editor:not(.elementor-drop-cap-view-default) .elementor-drop-cap-letter{width:1em;height:1em}.elementor-widget-text-editor .elementor-drop-cap{float:left;text-align:center;line-height:1;font-size:50px}.elementor-widget-text-editor .elementor-drop-cap-letter{display:inline-block}<\/style>\t\t\t\t<p><!-- wp:paragraph --><\/p>\n<p>Con el objetivo de reducir la vulnerabilidad socioecon\u00f3mica de j\u00f3venes, adolescentes y mujeres adultas en el contexto post covid-19, la Coordinadora de la Mujer, la ONG FIE, el Centro de Capacitaci\u00f3n e Investigaci\u00f3n de la Mujer Campesina de Tarija (CCIMCAT), el Instituto de Formaci\u00f3n Femenina Integral (IFFI) y Campa\u00f1a Boliviana por el Derecho a la Educaci\u00f3n, presentaron la iniciativa \u201cMujeres, j\u00f3venes y adolescentes acelerando la Ruta 2030: Por el cumplimiento y exigibilidad del derecho a la Educaci\u00f3n y los derechos econ\u00f3micos afectados post pandemia Covid-19\u201d, que busca alcanzar a cerca de dos mil mujeres y j\u00f3venes de ocho municipios del pa\u00eds. La iniciativa cuenta con el financiamiento de la Uni\u00f3n Europea.<\/p>\n<p><!-- \/wp:paragraph --><!-- wp:image {\"id\":15923,\"sizeSlug\":\"large\",\"linkDestination\":\"none\",\"className\":\"is-style-default\"} --><\/p>\n<p><!-- \/wp:paragraph --><\/p>\t\t\t\t\t\t<\/div>\n\t\t\t\t<\/div>\n\t\t\t\t\t<\/div>\n\t\t<\/div>\n\t\t\t\t<div class=\"elementor-column elementor-col-16 elementor-top-column elementor-element elementor-element-846cccf\" data-id=\"846cccf\" data-element_type=\"column\">\n\t\t\t<div class=\"elementor-widget-wrap\">\n\t\t\t\t\t\t\t\t\t<\/div>\n\t\t<\/div>\n\t\t\t\t\t\t\t<\/div>\n\t\t<\/section>\n\t\t\t\t<section class=\"elementor-section elementor-top-section elementor-element elementor-element-778afdf elementor-section-boxed elementor-section-height-default elementor-section-height-default\" data-id=\"778afdf\" data-element_type=\"section\">\n\t\t\t\t\t\t<div class=\"elementor-container elementor-column-gap-default\">\n\t\t\t\t\t<div class=\"elementor-column elementor-col-16 elementor-top-column elementor-element elementor-element-5373850\" data-id=\"5373850\" data-element_type=\"column\">\n\t\t\t<div class=\"elementor-widget-wrap\">\n\t\t\t\t\t\t\t\t\t<\/div>\n\t\t<\/div>\n\t\t\t\t<div class=\"elementor-column elementor-col-66 elementor-top-column elementor-element elementor-element-eaa3f5d\" data-id=\"eaa3f5d\" data-element_type=\"column\">\n\t\t\t<div class=\"elementor-widget-wrap elementor-element-populated\">\n\t\t\t\t\t\t\t\t<div class=\"elementor-element elementor-element-6d93f44 elementor-widget elementor-widget-image\" data-id=\"6d93f44\" data-element_type=\"widget\" data-widget_type=\"image.default\">\n\t\t\t\t<div class=\"elementor-widget-container\">\n\t\t\t<style>\/*! elementor - v3.6.7 - 03-07-2022 *\/\n.elementor-widget-image{text-align:center}.elementor-widget-image a{display:inline-block}.elementor-widget-image a img[src$=\".svg\"]{width:48px}.elementor-widget-image img{vertical-align:middle;display:inline-block}<\/style>\t\t\t\t\t\t\t\t\t\t\t\t<img loading=\"lazy\" decoding=\"async\" width=\"1079\" height=\"720\" src=\"https:\/\/www.coordinadoradelamujer.org.bo\/emprender\/wp-content\/uploads\/2023\/02\/WhatsApp-Image-2022-09-30-at-19.24.37.jpeg\" class=\"attachment-full size-full\" alt=\"\" srcset=\"https:\/\/www.coordinadoradelamujer.org.bo\/emprender\/wp-content\/uploads\/2023\/02\/WhatsApp-Image-2022-09-30-at-19.24.37.jpeg 1079w, https:\/\/www.coordinadoradelamujer.org.bo\/emprender\/wp-content\/uploads\/2023\/02\/WhatsApp-Image-2022-09-30-at-19.24.37-300x200.jpeg 300w, https:\/\/www.coordinadoradelamujer.org.bo\/emprender\/wp-content\/uploads\/2023\/02\/WhatsApp-Image-2022-09-30-at-19.24.37-1024x683.jpeg 1024w, https:\/\/www.coordinadoradelamujer.org.bo\/emprender\/wp-content\/uploads\/2023\/02\/WhatsApp-Image-2022-09-30-at-19.24.37-768x512.jpeg 768w\" sizes=\"(max-width: 1079px) 100vw, 1079px\" \/>\t\t\t\t\t\t\t\t\t\t\t\t\t\t\t<\/div>\n\t\t\t\t<\/div>\n\t\t\t\t\t<\/div>\n\t\t<\/div>\n\t\t\t\t<div class=\"elementor-column elementor-col-16 elementor-top-column elementor-element elementor-element-917498e\" data-id=\"917498e\" data-element_type=\"column\">\n\t\t\t<div class=\"elementor-widget-wrap\">\n\t\t\t\t\t\t\t\t\t<\/div>\n\t\t<\/div>\n\t\t\t\t\t\t\t<\/div>\n\t\t<\/section>\n\t\t\t\t<section class=\"elementor-section elementor-top-section elementor-element elementor-element-fd6fa30 elementor-section-boxed elementor-section-height-default elementor-section-height-default\" data-id=\"fd6fa30\" data-element_type=\"section\">\n\t\t\t\t\t\t<div class=\"elementor-container elementor-column-gap-default\">\n\t\t\t\t\t<div class=\"elementor-column elementor-col-16 elementor-top-column elementor-element elementor-element-7c74f63\" data-id=\"7c74f63\" data-element_type=\"column\">\n\t\t\t<div class=\"elementor-widget-wrap\">\n\t\t\t\t\t\t\t\t\t<\/div>\n\t\t<\/div>\n\t\t\t\t<div class=\"elementor-column elementor-col-66 elementor-top-column elementor-element elementor-element-9bf93e3\" data-id=\"9bf93e3\" data-element_type=\"column\">\n\t\t\t<div class=\"elementor-widget-wrap elementor-element-populated\">\n\t\t\t\t\t\t\t\t<div class=\"elementor-element elementor-element-bebd96b elementor-widget elementor-widget-text-editor\" data-id=\"bebd96b\" data-element_type=\"widget\" data-widget_type=\"text-editor.default\">\n\t\t\t\t<div class=\"elementor-widget-container\">\n\t\t\t\t\t\t\t<!-- wp:paragraph -->\n<p>\u201cAprender y fortalecer para emprender\u201d es el eslogan de la iniciativa que fue lanzada oficialmente hoy en La Paz, con la presencia de representantes de las organizaciones antes mencionadas y de la Uni\u00f3n Europea, y que resumen sus tres principales componentes: el \u00e1mbito productivo, el educativo y el de incidencia y sensibilizaci\u00f3n.<\/p>\n<!-- \/wp:paragraph -->\n\n<!-- wp:paragraph -->\n<p>En el \u00e1mbito productivo, la iniciativa apunta a fortalecer los conocimientos y capacidades de mujeres y j\u00f3venes para los emprendimientos con \u00e9nfasis en la innovaci\u00f3n y las nuevas tecnolog\u00edas. As\u00ed tambi\u00e9n, mejorar sus oportunidades de acceso a mercados f\u00edsicos y virtuales para la comercializaci\u00f3n de sus productos.<\/p>\n<!-- \/wp:paragraph -->\n\n<!-- wp:paragraph -->\n<p>En esta l\u00ednea, se prev\u00e9 la implementaci\u00f3n de una plataforma de Marketplace exclusiva para emprendimientos, alrededor de 500 p\u00e1ginas web para visibilizar diferentes iniciativas productivas y un conjunto de espacios de formaci\u00f3n presenciales y virtuales para fortalecer los conocimientos de las y los participantes. Talleres sobre comercio electr\u00f3nico y fotograf\u00eda publicitaria, entre otros, son parte de la oferta formativa.<\/p>\n<!-- \/wp:paragraph -->\n\n<!-- wp:paragraph -->\n<p>Bolivia, al igual que el resto del mundo, sufri\u00f3 lo embates de la crisis econ\u00f3mica generada por la pandemia del coronavirus. El desempleo, la precariedad laboral y el incremento del trabajo de cuidados no remunerado impactaron de manera particular en la autonom\u00eda econ\u00f3mica de las mujeres, quienes, en muchos casos, se han visto en la necesidad de apostar por peque\u00f1os y espor\u00e1dicos emprendimientos que les permita generar ingresos econ\u00f3micos para sus familias.<\/p>\n<!-- \/wp:paragraph -->\n\n<!-- wp:paragraph -->\n<p>Seg\u00fan un reciente estudio realizado por las organizaciones que impulsan esta iniciativa, 7 de cada 10 emprendimientos de mujeres y j\u00f3venes no tienen m\u00e1s de tres a\u00f1os de antig\u00fcedad \u2013es decir que emergieron en plena pandemia\u2013 y 6 de cada 10 lo hicieron por necesidad o subsistencia. La mayor parte de estos emprendimientos utilizan medios digitales (Facebook y WhatsApp), adem\u00e1s de los f\u00edsicos, para comercializar sus productos; sin embargo, la disponibilidad de recursos tecnol\u00f3gicos y conectividad en las micro y peque\u00f1as empresas y emprendimientos de subsistencia es escasa.<\/p>\n<!-- \/wp:paragraph -->\n\n<!-- wp:paragraph -->\n<p>En el \u00e1mbito de la educaci\u00f3n, la iniciativa trabajar\u00e1 con estudiantes de secundaria del sistema regular y del alternativo, a fin de contribuir al fortalecimiento de sus habilidades y conocimientos socioemocionales, con \u00e9nfasis en las tem\u00e1ticas de igualdad de g\u00e9nero, educaci\u00f3n integral para la sexualidad, prevenci\u00f3n de la violencia, incidencia en pol\u00edticas p\u00fablicas y STEAM (ciencia, tecnolog\u00eda, ingenier\u00eda y matem\u00e1ticas, por sus siglas en ingl\u00e9s).<\/p>\n<!-- \/wp:paragraph -->\n\n<!-- wp:paragraph -->\n<p>En este \u00e1mbito, el proyecto tiene particular inter\u00e9s de trabajar con estudiantes de educaci\u00f3n alternativa en riesgo de deserci\u00f3n escolar, pues ello contribuir\u00eda a profundizar su vulnerabilidad, acrecentada por la pandemia. En marzo de 2021, el Banco Mundial advirti\u00f3 que la tasa de deserci\u00f3n escolar en Bolivia podr\u00eda rondar el 20%, situando al pa\u00eds como uno de los de mayor abandono escolar en Am\u00e9rica Latina y el Caribe.<\/p>\n<!-- \/wp:paragraph -->\n\n<!-- wp:paragraph -->\n<p>Seg\u00fan el citado estudio, una de las principales razones por las que estudiantes de secundaria dejan el colegio es por la necesidad de trabajar y por los embarazos adolescentes.<\/p>\n<!-- \/wp:paragraph -->\n\n<!-- wp:paragraph -->\n<p>Asimismo, a trav\u00e9s de esta iniciativa conjunta se busca contribuir al cumplimiento de los Objetivos de Desarrollo Sostenible (ODS) hacia la ruta 2030, a desarrollar acciones de incidencia en las pol\u00edticas p\u00fablicas para promover: Resiliencia e incentivos para mujeres y j\u00f3venes emprendedores; inclusi\u00f3n en el curr\u00edculo educativo una educaci\u00f3n integral en derechos humanos, Educaci\u00f3n Integral para la Sexualidad y lucha contra las violencias; disminuci\u00f3n de brechas en la participaci\u00f3n de las mujeres en \u00e1reas t\u00e9cnicas y tecnol\u00f3gicas.<\/p>\n<!-- \/wp:paragraph -->\n\n<!-- wp:paragraph -->\n<p>As\u00ed, \u201cAprender y fortalecer para emprender\u201d se presenta como una posibilidad esperanzadora para m\u00e1s de un millar de mujeres y j\u00f3venes de hasta 40 a\u00f1os de edad de los municipios de Quillacollo, Colcapirhua y Cochabamba, en Cochabamba; La Paz y El Alto, en La Paz; y Padcaya, Entre R\u00edos y Yacuiba, en Tarija. Con la premisa de que la crisis tambi\u00e9n puede ser una oportunidad, esta iniciativa desaf\u00eda a mujeres y j\u00f3venes a \u201creinventarse\u201d en pandemia. (28\/09\/22)<\/p>\n<!-- \/wp:paragraph -->\t\t\t\t\t\t<\/div>\n\t\t\t\t<\/div>\n\t\t\t\t\t<\/div>\n\t\t<\/div>\n\t\t\t\t<div class=\"elementor-column elementor-col-16 elementor-top-column elementor-element elementor-element-61ad90c\" data-id=\"61ad90c\" data-element_type=\"column\">\n\t\t\t<div class=\"elementor-widget-wrap\">\n\t\t\t\t\t\t\t\t\t<\/div>\n\t\t<\/div>\n\t\t\t\t\t\t\t<\/div>\n\t\t<\/section>\n\t\t\t\t\t\t\t<\/div>\n\t\t","protected":false},"excerpt":{"rendered":"<p>Con el objetivo de reducir la vulnerabilidad socioecon\u00f3mica de j\u00f3venes, adolescentes y mujeres adultas en el contexto post covid-19, la Coordinadora de la Mujer, la ONG FIE, el Centro de Capacitaci\u00f3n e Investigaci\u00f3n de la Mujer Campesina de Tarija (CCIMCAT), el Instituto de Formaci\u00f3n Femenina Integral (IFFI) y Campa\u00f1a Boliviana por el Derecho a la &hellip;<\/p>\n<p class=\"read-more\"> <a class=\"\" href=\"https:\/\/www.coordinadoradelamujer.org.bo\/emprender\/index.php\/2023\/02\/13\/sumamos-esfuerzos-para-fortalecer-emprendimientos-productivos-y-capacidades-de-mujeres-y-jovenes-2\/\"> <span class=\"screen-reader-text\">Sumamos esfuerzos para fortalecer emprendimientos productivos y capacidades de mujeres y j\u00f3venes<\/span> Leer m\u00e1s &raquo;<\/a><\/p>\n","protected":false},"author":2,"featured_media":15901,"comment_status":"closed","ping_status":"open","sticky":false,"template":"elementor_header_footer","format":"standard","meta":{"site-sidebar-layout":"default","site-content-layout":"page-builder","ast-global-header-display":"","ast-main-header-display":"","ast-hfb-above-header-display":"","ast-hfb-below-header-display":"","ast-hfb-mobile-header-display":"","site-post-title":"","ast-breadcrumbs-content":"","ast-featured-img":"","footer-sml-layout":"","theme-transparent-header-meta":"","adv-header-id-meta":"","stick-header-meta":"","header-above-stick-meta":"","header-main-stick-meta":"","header-below-stick-meta":"","footnotes":""},"categories":[4],"tags":[],"_links":{"self":[{"href":"https:\/\/www.coordinadoradelamujer.org.bo\/emprender\/index.php\/wp-json\/wp\/v2\/posts\/15927"}],"collection":[{"href":"https:\/\/www.coordinadoradelamujer.org.bo\/emprender\/index.php\/wp-json\/wp\/v2\/posts"}],"about":[{"href":"https:\/\/www.coordinadoradelamujer.org.bo\/emprender\/index.php\/wp-json\/wp\/v2\/types\/post"}],"author":[{"embeddable":true,"href":"https:\/\/www.coordinadoradelamujer.org.bo\/emprender\/index.php\/wp-json\/wp\/v2\/users\/2"}],"replies":[{"embeddable":true,"href":"https:\/\/www.coordinadoradelamujer.org.bo\/emprender\/index.php\/wp-json\/wp\/v2\/comments?post=15927"}],"version-history":[{"count":18,"href":"https:\/\/www.coordinadoradelamujer.org.bo\/emprender\/index.php\/wp-json\/wp\/v2\/posts\/15927\/revisions"}],"predecessor-version":[{"id":15993,"href":"https:\/\/www.coordinadoradelamujer.org.bo\/emprender\/index.php\/wp-json\/wp\/v2\/posts\/15927\/revisions\/15993"}],"wp:featuredmedia":[{"embeddable":true,"href":"https:\/\/www.coordinadoradelamujer.org.bo\/emprender\/index.php\/wp-json\/wp\/v2\/media\/15901"}],"wp:attachment":[{"href":"https:\/\/www.coordinadoradelamujer.org.bo\/emprender\/index.php\/wp-json\/wp\/v2\/media?parent=15927"}],"wp:term":[{"taxonomy":"category","embeddable":true,"href":"https:\/\/www.coordinadoradelamujer.org.bo\/emprender\/index.php\/wp-json\/wp\/v2\/categories?post=15927"},{"taxonomy":"post_tag","embeddable":true,"href":"https:\/\/www.coordinadoradelamujer.org.bo\/emprender\/index.php\/wp-json\/wp\/v2\/tags?post=15927"}],"curies":[{"name":"wp","href":"https:\/\/api.w.org\/{rel}","templated":true}]}}